{"id":78807,"date":"2026-03-12T02:14:23","date_gmt":"2026-03-12T02:14:23","guid":{"rendered":"https:\/\/lahora.mx\/?p=78807"},"modified":"2026-03-12T02:14:24","modified_gmt":"2026-03-12T02:14:24","slug":"juntos-gobierno-federal-y-estatal-fortalecen-industria-textil-con-seguridad-y-promocion","status":"publish","type":"post","link":"https:\/\/lahora.mx\/index.php\/2026\/03\/12\/juntos-gobierno-federal-y-estatal-fortalecen-industria-textil-con-seguridad-y-promocion\/","title":{"rendered":"Juntos gobierno federal y estatal fortalecen industria textil con seguridad y promoci\u00f3n"},"content":{"rendered":"\n<p>Para el Gobierno de la Rep\u00fablica la industria textil es una prioridad, afirm\u00f3 el secretario de Econom\u00eda del Gobierno de M\u00e9xico, Marcelo Ebrard Casaub\u00f3n, al manifestar su respaldo para que Exintex sea una Feria Internacional que se lleve a cabo anualmente, con el objetivo de atraer a la industria nacional e internacional y reactivar el sector. \u201cY como dice Armenta, nuestro gobernador, en Puebla hay que pensar en grande\u201d.<\/p>\n\n\n\n<p>El secretario de Econom\u00eda destac\u00f3 que Puebla debe ser junto con Tlaxcala, el epicentro de la industria textil del pa\u00eds, ya que derivado del Plan M\u00e9xico han atendido diversas iniciativas para proteger el mercado interno y nacional, como es la modificaci\u00f3n a m\u00e1s de 700 fracciones arancelarias, restricciones en importaciones y medidas de financiamiento para el sector.<\/p>\n\n\n\n<p>El gobernador de Puebla, Alejandro Armenta Mier, subray\u00f3 que la organizaci\u00f3n anual de la Feria Textil Internacional tiene como prop\u00f3sito fortalecer la vinculaci\u00f3n de la industria con los mercados globales; adem\u00e1s, asumi\u00f3 el compromiso de integrar al sector textil al Programa de Alarmas Vecinales, con el fin de reforzar la protecci\u00f3n de f\u00e1bricas y talleres, lo anterior en colaboraci\u00f3n con la Confederaci\u00f3n Patronal de la Rep\u00fablica Mexicana (COPARMEX) y el Consejo Coordinador Empresarial (CCE).<\/p>\n\n\n\n<p>El subsecretario de Industria y Comercio de la Secretar\u00eda de Econom\u00eda del Gobierno de M\u00e9xico, Vidal Llerenas Morales, resalt\u00f3 la necesidad de aprovechar el mercado, tanto de Puebla como de Tlaxcala, por ello se comprometi\u00f3 a continuar con el trabajo en conjunto y concretar acuerdos durante la Exintex 2026.<\/p>\n\n\n\n<p>Con m\u00e1s de 800 expositores, la presencia de 24 pa\u00edses en el Centro Expositor, Exintex 2026 generar\u00e1 una derrama econ\u00f3mica de m\u00e1s 500 millones de pesos, afirm\u00f3 el presidente de la Asociaci\u00f3n Nacional de Empresarios Textiles, Jorge Garc\u00eda Teruel Rivero, quien resalt\u00f3 que durante los cuatro d\u00edas se realizar\u00e1n negocios por m\u00e1s de 600 millones de d\u00f3lares.<\/p>\n\n\n\n<p>Al se\u00f1alar que contin\u00faan en el combate de productos asi\u00e1ticos y mercado ilegal, agradeci\u00f3 al gobernador Alejandro Armenta Mier, el operativo desplegado a una tienda importadora, ya que afirm\u00f3 que lo \u00fanico que solicitan es trabajar con piso parejo. Destac\u00f3 que son una industria que sabe trabajar, competir e innovar y con el respaldo de las autoridades y el marco legal, el sector seguir\u00e1 adelante y se modernizar\u00e1.<\/p>\n\n\n\n<p>Por su parte, el presidente de la C\u00e1mara de la Industria Textil Puebla-Tlaxcala (CITEX), Gustavo Lezama, puntualiz\u00f3 que los grandes retos que enfrentan para los pr\u00f3ximos a\u00f1os son generar empleo formal, digno y productivo, a fin de fortalecer el sector. Reconoci\u00f3 a la Secretar\u00eda de Econom\u00eda del Gobierno Federal y al Gobierno estatal por impulsar acciones para combatir pr\u00e1cticas desleales y destac\u00f3 la importancia de Exintex, ya que re\u00fane a la cadena de valor. \u00abM\u00e9xico sigue siendo un pa\u00eds con enorme potencial industrial y la textil tiene todo para ser protagonista\u00bb, afirm\u00f3.<\/p>\n\n\n\n<p>Finalmente, Erick Teutli, integrante de la empresa Texpert, compa\u00f1\u00eda 100 por ciento mexicana con m\u00e1s de 50 a\u00f1os en el mercado y con sede en la ciudad de Puebla, dedicada a la comercializaci\u00f3n de hilo para costura, bordado y art\u00edculos de mercer\u00eda, se\u00f1al\u00f3 que su participaci\u00f3n bianual en Exintex les permite ampliar su cartera de clientes y aprovechar las oportunidades de crecimiento que el evento ofrece al sector empresarial textil.<\/p>\n","protected":false},"excerpt":{"rendered":"<p>Para el Gobierno de la Rep\u00fablica la industria textil es una prioridad, afirm\u00f3 el secretario de Econom\u00eda del Gobierno de M\u00e9xico, Marcelo Ebrard Casaub\u00f3n, al manifestar su respaldo para que Exintex sea una Feria Internacional que se lleve a cabo anualmente, con el objetivo de atraer a la industria nacional e internacional y reactivar el [&hellip;]<\/p>\n","protected":false},"author":1,"featured_media":78808,"comment_status":"open","ping_status":"open","sticky":false,"template":"","format":"standard","meta":{"om_disable_all_campaigns":false,"_monsterinsights_skip_tracking":false,"_monsterinsights_sitenote_active":false,"_monsterinsights_sitenote_note":"","_monsterinsights_sitenote_category":0,"footnotes":""},"categories":[175],"tags":[239,223],"class_list":["post-78807","post","type-post","status-publish","format-standard","has-post-thumbnail","hentry","category-local","tag-gobierno","tag-puebla"],"amp_enabled":true,"_links":{"self":[{"href":"https:\/\/lahora.mx\/index.php\/wp-json\/wp\/v2\/posts\/78807","targetHints":{"allow":["GET"]}}],"collection":[{"href":"https:\/\/lahora.mx\/index.php\/wp-json\/wp\/v2\/posts"}],"about":[{"href":"https:\/\/lahora.mx\/index.php\/wp-json\/wp\/v2\/types\/post"}],"author":[{"embeddable":true,"href":"https:\/\/lahora.mx\/index.php\/wp-json\/wp\/v2\/users\/1"}],"replies":[{"embeddable":true,"href":"https:\/\/lahora.mx\/index.php\/wp-json\/wp\/v2\/comments?post=78807"}],"version-history":[{"count":1,"href":"https:\/\/lahora.mx\/index.php\/wp-json\/wp\/v2\/posts\/78807\/revisions"}],"predecessor-version":[{"id":78809,"href":"https:\/\/lahora.mx\/index.php\/wp-json\/wp\/v2\/posts\/78807\/revisions\/78809"}],"wp:featuredmedia":[{"embeddable":true,"href":"https:\/\/lahora.mx\/index.php\/wp-json\/wp\/v2\/media\/78808"}],"wp:attachment":[{"href":"https:\/\/lahora.mx\/index.php\/wp-json\/wp\/v2\/media?parent=78807"}],"wp:term":[{"taxonomy":"category","embeddable":true,"href":"https:\/\/lahora.mx\/index.php\/wp-json\/wp\/v2\/categories?post=78807"},{"taxonomy":"post_tag","embeddable":true,"href":"https:\/\/lahora.mx\/index.php\/wp-json\/wp\/v2\/tags?post=78807"}],"curies":[{"name":"wp","href":"https:\/\/api.w.org\/{rel}","templated":true}]}}