{"id":78804,"date":"2026-03-11T22:32:47","date_gmt":"2026-03-11T22:32:47","guid":{"rendered":"https:\/\/lahora.mx\/?p=78804"},"modified":"2026-03-12T05:08:59","modified_gmt":"2026-03-12T05:08:59","slug":"alfonso-sanchez-garcia-supervisa-y-da-seguimiento-a-resultados-de-mas-territorio-y-menos-escritorio","status":"publish","type":"post","link":"https:\/\/lahora.mx\/index.php\/2026\/03\/11\/alfonso-sanchez-garcia-supervisa-y-da-seguimiento-a-resultados-de-mas-territorio-y-menos-escritorio\/","title":{"rendered":"Alfonso S\u00e1nchez Garc\u00eda supervisa y da seguimiento a resultados de m\u00e1s territorio y menos escritorio"},"content":{"rendered":"\n<p>Por instrucciones del presidente municipal de Tlaxcala, Alfonso S\u00e1nchez Garc\u00eda, directores de las diferentes \u00e1reas del Ayuntamiento sostuvieron una reuni\u00f3n de seguimiento para evaluar los avances de la estrategia \u201cM\u00e1s Territorio y Menos Escritorio\u00bb.<\/p>\n\n\n\n<p>Durante el encuentro de trabajo, los titulares de las distintas \u00e1reas revisaron las acciones que se han llevado a cabo en las comunidades y delegaciones que conforman la capital, entre las que destacan trabajos de pavimentaci\u00f3n, instalaci\u00f3n y mantenimiento de luminarias, balizado, jornadas de faena comunitaria, reparaci\u00f3n de hundimientos de adoqu\u00edn, poda de \u00e1rboles y labores de bacheo.<\/p>\n\n\n\n<p>Asimismo, se inform\u00f3 sobre los avances en la conformaci\u00f3n de comit\u00e9s de vecinos vigilantes, con el objetivo de fomentar la participaci\u00f3n ciudadana y fortalecer la colaboraci\u00f3n entre autoridades y habitantes para mejorar las condiciones de seguridad.<\/p>\n\n\n\n<p>Cabe destacar que el alcalde Alfonso S\u00e1nchez Garc\u00eda ha mantenido un seguimiento permanente de esta estrategia, supervisando de manera directa los trabajos y asegurando que las acciones contin\u00faen desarroll\u00e1ndose en beneficio de la poblaci\u00f3n.<\/p>\n\n\n\n<p>La estrategia \u201cM\u00e1s Territorio y Menos Escritorio\u201d ha permitido mantener una comunicaci\u00f3n cercana con la ciudadan\u00eda, escuchar sus necesidades y dar soluciones oportunas, consolid\u00e1ndose con resultados en todo el municipio.<\/p>\n","protected":false},"excerpt":{"rendered":"<p>Por instrucciones del presidente municipal de Tlaxcala, Alfonso S\u00e1nchez Garc\u00eda, directores de las diferentes \u00e1reas del Ayuntamiento sostuvieron una reuni\u00f3n de seguimiento para evaluar los avances de la estrategia \u201cM\u00e1s Territorio y Menos Escritorio\u00bb. Durante el encuentro de trabajo, los titulares de las distintas \u00e1reas revisaron las acciones que se han llevado a cabo en [&hellip;]<\/p>\n","protected":false},"author":1,"featured_media":78805,"comment_status":"open","ping_status":"open","sticky":false,"template":"","format":"standard","meta":{"om_disable_all_campaigns":false,"_monsterinsights_skip_tracking":false,"_monsterinsights_sitenote_active":false,"_monsterinsights_sitenote_note":"","_monsterinsights_sitenote_category":0,"footnotes":""},"categories":[5],"tags":[223,210],"class_list":["post-78804","post","type-post","status-publish","format-standard","has-post-thumbnail","hentry","category-politica","tag-puebla","tag-tlaxcala"],"amp_enabled":true,"_links":{"self":[{"href":"https:\/\/lahora.mx\/index.php\/wp-json\/wp\/v2\/posts\/78804","targetHints":{"allow":["GET"]}}],"collection":[{"href":"https:\/\/lahora.mx\/index.php\/wp-json\/wp\/v2\/posts"}],"about":[{"href":"https:\/\/lahora.mx\/index.php\/wp-json\/wp\/v2\/types\/post"}],"author":[{"embeddable":true,"href":"https:\/\/lahora.mx\/index.php\/wp-json\/wp\/v2\/users\/1"}],"replies":[{"embeddable":true,"href":"https:\/\/lahora.mx\/index.php\/wp-json\/wp\/v2\/comments?post=78804"}],"version-history":[{"count":1,"href":"https:\/\/lahora.mx\/index.php\/wp-json\/wp\/v2\/posts\/78804\/revisions"}],"predecessor-version":[{"id":78806,"href":"https:\/\/lahora.mx\/index.php\/wp-json\/wp\/v2\/posts\/78804\/revisions\/78806"}],"wp:featuredmedia":[{"embeddable":true,"href":"https:\/\/lahora.mx\/index.php\/wp-json\/wp\/v2\/media\/78805"}],"wp:attachment":[{"href":"https:\/\/lahora.mx\/index.php\/wp-json\/wp\/v2\/media?parent=78804"}],"wp:term":[{"taxonomy":"category","embeddable":true,"href":"https:\/\/lahora.mx\/index.php\/wp-json\/wp\/v2\/categories?post=78804"},{"taxonomy":"post_tag","embeddable":true,"href":"https:\/\/lahora.mx\/index.php\/wp-json\/wp\/v2\/tags?post=78804"}],"curies":[{"name":"wp","href":"https:\/\/api.w.org\/{rel}","templated":true}]}}