{"id":78801,"date":"2026-03-11T22:30:27","date_gmt":"2026-03-11T22:30:27","guid":{"rendered":"https:\/\/lahora.mx\/?p=78801"},"modified":"2026-03-11T22:30:27","modified_gmt":"2026-03-11T22:30:27","slug":"reforma-electoral-no-logra-la-mayoria-calificada","status":"publish","type":"post","link":"https:\/\/lahora.mx\/index.php\/2026\/03\/11\/reforma-electoral-no-logra-la-mayoria-calificada\/","title":{"rendered":"Reforma electoral no logra la mayor\u00eda calificada"},"content":{"rendered":"\n<p>La C\u00e1mara de Diputados desestim\u00f3 la propuesta de reforma electoral despu\u00e9s de que no se alcanzara la mayor\u00eda calificada requerida para su aprobaci\u00f3n.<\/p>\n\n\n\n<p>Tras m\u00e1s de dos horas de debate, la reforma obtuvo \u00fanicamente 259 votos de los 334 necesarios para ser validada.<\/p>\n\n\n\n<p>Mientras tanto, la iniciativa recibi\u00f3 234 votos en contra, incluyendo el rechazo de los partidos PAN, PRI, Movimiento Ciudadano, as\u00ed como del PT y el PVEM, que son aliados de Morena y que en esta ocasi\u00f3n no apoyaron la propuesta de la presidenta.<\/p>\n\n\n\n<p>Luego de que se dieron a conocer los resultados de la votaci\u00f3n, la oposici\u00f3n festej\u00f3 el rechazo con v\u00edtores, mientras Kenia L\u00f3pez Rabad\u00e1n, presidenta de la C\u00e1mara de Diputados, anunciaba que la propuesta ser\u00eda desechada.<\/p>\n\n\n\n<p>\u201cSe rechaza el proyecto de decreto enviado por la Presidencia de la Rep\u00fablica\u201d, declar\u00f3 L\u00f3pez Rabad\u00e1n tras la votaci\u00f3n.<\/p>\n\n\n\n<p>El PT declar\u00f3 que votar\u00eda en contra de la reforma electoral. Mateo Reyes Arellano 4T va por &#8216;Plan B&#8217;<\/p>\n\n\n\n<p>En su conferencia matutina del mi\u00e9rcoles 11 de marzo, la presidenta Claudia Sheinbaum se\u00f1al\u00f3 que presentar\u00eda un Plan B ante el rechazo inminente de la reforma electoral en la C\u00e1mara de Diputados.<\/p>\n\n\n\n<p>\u201cAyer lo mencion\u00e9, depende de cada legislador y legisladora; estoy muy satisfecha de haber enviado la iniciativa, cumpliendo un compromiso que hice con el pueblo durante la campa\u00f1a, lo hice en el Z\u00f3calo de la Ciudad de M\u00e9xico con los 100 puntos\u201d, afirm\u00f3.<\/p>\n\n\n\n<p>Respecto a esto, Ricardo Monreal, coordinador de la bancada de Morena en la C\u00e1mara de Diputados, comunic\u00f3 durante su intervenci\u00f3n en el debate de la reforma electoral que su grupo comenzar\u00eda a elaborar el Plan B de la reforma tan pronto como fuera rechazado.<\/p>\n\n\n\n<p>\u201cConocemos el destino que puede tener esta reforma, pero les informamos que una vez que se vote y se rechace, comenzaremos a trabajar en el Plan B de la reforma electoral, porque no nos rendiremos, \u00a1Que viva M\u00e9xico! \u201d, proclam\u00f3 el diputado de Morena.<\/p>\n\n\n\n<p>Ricardo Monreal anunci\u00f3 que comenzar\u00e1 a desarrollar el Plan B de la reforma electoral. Mateo Reyes Arellano<\/p>\n\n\n\n<p>A\u00fan no se sabe en qu\u00e9 consistir\u00e1 el Plan B de la reforma electoral, pero podr\u00eda enfocarse en impulsar reformas a leyes secundarias, que no requieren la mayor\u00eda calificada y que Morena podr\u00eda aprobar solo con los votos de su bancada.<\/p>\n","protected":false},"excerpt":{"rendered":"<p>La C\u00e1mara de Diputados desestim\u00f3 la propuesta de reforma electoral despu\u00e9s de que no se alcanzara la mayor\u00eda calificada requerida para su aprobaci\u00f3n. Tras m\u00e1s de dos horas de debate, la reforma obtuvo \u00fanicamente 259 votos de los 334 necesarios para ser validada. Mientras tanto, la iniciativa recibi\u00f3 234 votos en contra, incluyendo el rechazo [&hellip;]<\/p>\n","protected":false},"author":1,"featured_media":78802,"comment_status":"open","ping_status":"open","sticky":false,"template":"","format":"standard","meta":{"om_disable_all_campaigns":false,"_monsterinsights_skip_tracking":false,"_monsterinsights_sitenote_active":false,"_monsterinsights_sitenote_note":"","_monsterinsights_sitenote_category":0,"footnotes":""},"categories":[176],"tags":[195],"class_list":["post-78801","post","type-post","status-publish","format-standard","has-post-thumbnail","hentry","category-nacional","tag-principal"],"amp_enabled":true,"_links":{"self":[{"href":"https:\/\/lahora.mx\/index.php\/wp-json\/wp\/v2\/posts\/78801","targetHints":{"allow":["GET"]}}],"collection":[{"href":"https:\/\/lahora.mx\/index.php\/wp-json\/wp\/v2\/posts"}],"about":[{"href":"https:\/\/lahora.mx\/index.php\/wp-json\/wp\/v2\/types\/post"}],"author":[{"embeddable":true,"href":"https:\/\/lahora.mx\/index.php\/wp-json\/wp\/v2\/users\/1"}],"replies":[{"embeddable":true,"href":"https:\/\/lahora.mx\/index.php\/wp-json\/wp\/v2\/comments?post=78801"}],"version-history":[{"count":1,"href":"https:\/\/lahora.mx\/index.php\/wp-json\/wp\/v2\/posts\/78801\/revisions"}],"predecessor-version":[{"id":78803,"href":"https:\/\/lahora.mx\/index.php\/wp-json\/wp\/v2\/posts\/78801\/revisions\/78803"}],"wp:featuredmedia":[{"embeddable":true,"href":"https:\/\/lahora.mx\/index.php\/wp-json\/wp\/v2\/media\/78802"}],"wp:attachment":[{"href":"https:\/\/lahora.mx\/index.php\/wp-json\/wp\/v2\/media?parent=78801"}],"wp:term":[{"taxonomy":"category","embeddable":true,"href":"https:\/\/lahora.mx\/index.php\/wp-json\/wp\/v2\/categories?post=78801"},{"taxonomy":"post_tag","embeddable":true,"href":"https:\/\/lahora.mx\/index.php\/wp-json\/wp\/v2\/tags?post=78801"}],"curies":[{"name":"wp","href":"https:\/\/api.w.org\/{rel}","templated":true}]}}