{"id":78797,"date":"2026-03-11T22:26:38","date_gmt":"2026-03-11T22:26:38","guid":{"rendered":"https:\/\/lahora.mx\/?p=78797"},"modified":"2026-03-11T22:26:39","modified_gmt":"2026-03-11T22:26:39","slug":"el-gobernador-armenta-solicita-atraer-feria-textil-anual-ebrard-acepta-propuesta","status":"publish","type":"post","link":"https:\/\/lahora.mx\/index.php\/2026\/03\/11\/el-gobernador-armenta-solicita-atraer-feria-textil-anual-ebrard-acepta-propuesta\/","title":{"rendered":"El gobernador Armenta solicita atraer Feria Textil anual; Ebrard acepta propuesta"},"content":{"rendered":"\n<p>El gobernador Alejandro Armenta Mier solicit\u00f3 al secretario de Econom\u00eda federal, Marcelo Ebrard, traer al estado de Puebla la Feria Exintex Internacional, un espacio para vincular a m\u00e1s empresas textiles, a fin de darle continuidad a la estrategia comercial.<\/p>\n\n\n\n<p>Durante el evento de inauguraci\u00f3n, resalt\u00f3 que es un modelo de promoci\u00f3n de la industria, que a la fecha ha tenido un crecimiento importante, pero al ser cada dos a\u00f1os, no permite un seguimiento a la oportunidad que tienen.<br>\u201cAqu\u00ed naci\u00f3 este modelo de expo en Puebla, como una actividad local, y yo le quiero solicitar, s\u00e9 que nos va a ayudar, que Puebla, con todo el apoyo del Gobierno del Estado y la industria textil, pudi\u00e9ramos tener la Feria Internacional Textil anual\u201d, expres\u00f3.<\/p>\n\n\n\n<p>Argument\u00f3 que esto dar\u00e1 pie a abrir un mercado de manera permanente y conectarse con otros pa\u00edses, a fin de generar una din\u00e1mica en una etapa en la que M\u00e9xico juega un papel importante.<\/p>\n\n\n\n<p>En respuesta, Ebrard acept\u00f3 la petici\u00f3n para respaldar plenamente su iniciativa y hacer este encuentro con todo el Gobierno de la Rep\u00fablica, donde pueda atraer toda la industria y el dise\u00f1o de las textileras.<\/p>\n\n\n\n<p>\u201cPorque tenemos la posibilidad, capacidad y presencia de hacerlo, y como dice Armenta, nuestro gobernador, hay que pensar en grande\u201d, afirm\u00f3.<\/p>\n","protected":false},"excerpt":{"rendered":"<p>El gobernador Alejandro Armenta Mier solicit\u00f3 al secretario de Econom\u00eda federal, Marcelo Ebrard, traer al estado de Puebla la Feria Exintex Internacional, un espacio para vincular a m\u00e1s empresas textiles, a fin de darle continuidad a la estrategia comercial. Durante el evento de inauguraci\u00f3n, resalt\u00f3 que es un modelo de promoci\u00f3n de la industria, que [&hellip;]<\/p>\n","protected":false},"author":1,"featured_media":78798,"comment_status":"open","ping_status":"open","sticky":false,"template":"","format":"standard","meta":{"om_disable_all_campaigns":false,"_monsterinsights_skip_tracking":false,"_monsterinsights_sitenote_active":false,"_monsterinsights_sitenote_note":"","_monsterinsights_sitenote_category":0,"footnotes":""},"categories":[175],"tags":[239,195,223],"class_list":["post-78797","post","type-post","status-publish","format-standard","has-post-thumbnail","hentry","category-local","tag-gobierno","tag-principal","tag-puebla"],"amp_enabled":true,"_links":{"self":[{"href":"https:\/\/lahora.mx\/index.php\/wp-json\/wp\/v2\/posts\/78797","targetHints":{"allow":["GET"]}}],"collection":[{"href":"https:\/\/lahora.mx\/index.php\/wp-json\/wp\/v2\/posts"}],"about":[{"href":"https:\/\/lahora.mx\/index.php\/wp-json\/wp\/v2\/types\/post"}],"author":[{"embeddable":true,"href":"https:\/\/lahora.mx\/index.php\/wp-json\/wp\/v2\/users\/1"}],"replies":[{"embeddable":true,"href":"https:\/\/lahora.mx\/index.php\/wp-json\/wp\/v2\/comments?post=78797"}],"version-history":[{"count":1,"href":"https:\/\/lahora.mx\/index.php\/wp-json\/wp\/v2\/posts\/78797\/revisions"}],"predecessor-version":[{"id":78799,"href":"https:\/\/lahora.mx\/index.php\/wp-json\/wp\/v2\/posts\/78797\/revisions\/78799"}],"wp:featuredmedia":[{"embeddable":true,"href":"https:\/\/lahora.mx\/index.php\/wp-json\/wp\/v2\/media\/78798"}],"wp:attachment":[{"href":"https:\/\/lahora.mx\/index.php\/wp-json\/wp\/v2\/media?parent=78797"}],"wp:term":[{"taxonomy":"category","embeddable":true,"href":"https:\/\/lahora.mx\/index.php\/wp-json\/wp\/v2\/categories?post=78797"},{"taxonomy":"post_tag","embeddable":true,"href":"https:\/\/lahora.mx\/index.php\/wp-json\/wp\/v2\/tags?post=78797"}],"curies":[{"name":"wp","href":"https:\/\/api.w.org\/{rel}","templated":true}]}}