{"id":78794,"date":"2026-03-11T22:19:57","date_gmt":"2026-03-11T22:19:57","guid":{"rendered":"https:\/\/lahora.mx\/?p=78794"},"modified":"2026-03-11T22:19:58","modified_gmt":"2026-03-11T22:19:58","slug":"una-nueva-credencial-del-ine-que-tendria-datos-opcionales-de-genero-e-identidad","status":"publish","type":"post","link":"https:\/\/lahora.mx\/index.php\/2026\/03\/11\/una-nueva-credencial-del-ine-que-tendria-datos-opcionales-de-genero-e-identidad\/","title":{"rendered":"Una nueva credencial del INE que tendr\u00eda datos opcionales de g\u00e9nero e identidad"},"content":{"rendered":"\n<p>El modelo de la credencial para votar en M\u00e9xico podr\u00eda tener modificaciones en los pr\u00f3ximos a\u00f1os. El Instituto Nacional Electoral (INE) analiza una propuesta para actualizar el dise\u00f1o y agregar nuevos elementos de identificaci\u00f3n en el documento oficial, con la intenci\u00f3n de aplicarlos en el periodo 2026-2031.<\/p>\n\n\n\n<p>La iniciativa fue revisada por la Comisi\u00f3n del Registro Federal de Electores, que aval\u00f3 enviarla al Consejo General del instituto para su an\u00e1lisis y posible aprobaci\u00f3n. De concretarse, los cambios se aplicar\u00edan en futuras emisiones de la credencial, uno de los documentos m\u00e1s utilizados en el pa\u00eds tanto para votar como para realizar tr\u00e1mites oficiales.<br>Entre los ajustes planteados destaca la posibilidad de incorporar datos sobre identidad de g\u00e9nero autopercibida y autoidentificaci\u00f3n ind\u00edgena o afromexicana. De acuerdo con el organismo electoral, estos campos ser\u00edan completamente opcionales y solo se incluir\u00edan si la persona decide proporcionar esa informaci\u00f3n al momento de tramitar o renovar su credencial.<\/p>\n\n\n\n<p>El instituto explic\u00f3 que estos datos se registrar\u00edan bajo un esquema declarativo, lo que significa que depender\u00edan \u00fanicamente de la manifestaci\u00f3n libre de cada ciudadano, sin que sea necesario presentar documentos que respalden esa informaci\u00f3n.<\/p>\n\n\n\n<p>Otra de las modificaciones planteadas consiste en permitir que el titular de la credencial decida si en el documento aparece el campo de sexo o el de g\u00e9nero. En caso de elegir la segunda opci\u00f3n, el formato propuesto contempla tres categor\u00edas: \u201cM\u201d para mujer, \u201cH\u201d para hombre y \u201cNB\u201d para personas que se identifican como no binarias.<\/p>\n\n\n\n<p>Adem\u00e1s, el proyecto considera que quienes as\u00ed lo deseen puedan indicar si se reconocen como parte de un pueblo ind\u00edgena o afromexicano. Seg\u00fan el organismo, esta informaci\u00f3n podr\u00eda contribuir a generar datos que permitan comprender mejor la diversidad social de la poblaci\u00f3n registrada en el padr\u00f3n electoral.<\/p>\n\n\n\n<p>Junto con estos posibles cambios en los datos de identificaci\u00f3n, el INE tambi\u00e9n estudia mejoras tecnol\u00f3gicas y de seguridad para la credencial. Entre las medidas propuestas se encuentra la actualizaci\u00f3n de los c\u00f3digos QR que contiene el documento y la implementaci\u00f3n de sistemas criptogr\u00e1ficos m\u00e1s robustos para proteger la informaci\u00f3n.<\/p>\n\n\n\n<p>Asimismo, se contempla integrar dos huellas dactilares del titular, lo que permitir\u00eda fortalecer los procesos de verificaci\u00f3n biom\u00e9trica en instituciones p\u00fablicas y privadas que utilizan la credencial como medio de identificaci\u00f3n.<\/p>\n\n\n\n<p>Durante el an\u00e1lisis t\u00e9cnico tambi\u00e9n se revisaron otras opciones, como incluir un distintivo relacionado con discapacidad, referencias a la donaci\u00f3n de \u00f3rganos o informaci\u00f3n en sistema braille. No obstante, estos elementos quedaron fuera de la propuesta que se presentar\u00e1 al Consejo General.<\/p>\n\n\n\n<p>El organismo electoral se\u00f1al\u00f3 que cualquier modificaci\u00f3n al documento deber\u00e1 cumplir con la legislaci\u00f3n vigente y con los criterios establecidos por el Tribunal Electoral del Poder Judicial de la Federaci\u00f3n, adem\u00e1s de superar evaluaciones t\u00e9cnicas y operativas antes de que un nuevo modelo de credencial pueda implementarse en todo el pa\u00eds.<\/p>\n","protected":false},"excerpt":{"rendered":"<p>El modelo de la credencial para votar en M\u00e9xico podr\u00eda tener modificaciones en los pr\u00f3ximos a\u00f1os. El Instituto Nacional Electoral (INE) analiza una propuesta para actualizar el dise\u00f1o y agregar nuevos elementos de identificaci\u00f3n en el documento oficial, con la intenci\u00f3n de aplicarlos en el periodo 2026-2031. La iniciativa fue revisada por la Comisi\u00f3n del [&hellip;]<\/p>\n","protected":false},"author":1,"featured_media":78795,"comment_status":"open","ping_status":"open","sticky":false,"template":"","format":"standard","meta":{"om_disable_all_campaigns":false,"_monsterinsights_skip_tracking":false,"_monsterinsights_sitenote_active":false,"_monsterinsights_sitenote_note":"","_monsterinsights_sitenote_category":0,"footnotes":""},"categories":[176],"tags":[195,223],"class_list":["post-78794","post","type-post","status-publish","format-standard","has-post-thumbnail","hentry","category-nacional","tag-principal","tag-puebla"],"amp_enabled":true,"_links":{"self":[{"href":"https:\/\/lahora.mx\/index.php\/wp-json\/wp\/v2\/posts\/78794","targetHints":{"allow":["GET"]}}],"collection":[{"href":"https:\/\/lahora.mx\/index.php\/wp-json\/wp\/v2\/posts"}],"about":[{"href":"https:\/\/lahora.mx\/index.php\/wp-json\/wp\/v2\/types\/post"}],"author":[{"embeddable":true,"href":"https:\/\/lahora.mx\/index.php\/wp-json\/wp\/v2\/users\/1"}],"replies":[{"embeddable":true,"href":"https:\/\/lahora.mx\/index.php\/wp-json\/wp\/v2\/comments?post=78794"}],"version-history":[{"count":1,"href":"https:\/\/lahora.mx\/index.php\/wp-json\/wp\/v2\/posts\/78794\/revisions"}],"predecessor-version":[{"id":78796,"href":"https:\/\/lahora.mx\/index.php\/wp-json\/wp\/v2\/posts\/78794\/revisions\/78796"}],"wp:featuredmedia":[{"embeddable":true,"href":"https:\/\/lahora.mx\/index.php\/wp-json\/wp\/v2\/media\/78795"}],"wp:attachment":[{"href":"https:\/\/lahora.mx\/index.php\/wp-json\/wp\/v2\/media?parent=78794"}],"wp:term":[{"taxonomy":"category","embeddable":true,"href":"https:\/\/lahora.mx\/index.php\/wp-json\/wp\/v2\/categories?post=78794"},{"taxonomy":"post_tag","embeddable":true,"href":"https:\/\/lahora.mx\/index.php\/wp-json\/wp\/v2\/tags?post=78794"}],"curies":[{"name":"wp","href":"https:\/\/api.w.org\/{rel}","templated":true}]}}