{"id":78779,"date":"2026-03-11T22:12:25","date_gmt":"2026-03-11T22:12:25","guid":{"rendered":"https:\/\/lahora.mx\/?p=78779"},"modified":"2026-03-11T22:12:26","modified_gmt":"2026-03-11T22:12:26","slug":"autobuses-independiente-se-resisten-al-reordenamiento-vial-en-san-martin","status":"publish","type":"post","link":"https:\/\/lahora.mx\/index.php\/2026\/03\/11\/autobuses-independiente-se-resisten-al-reordenamiento-vial-en-san-martin\/","title":{"rendered":"Autobuses Independiente se resisten al reordenamiento vial en San Mart\u00edn"},"content":{"rendered":"\n<p>El reordenamiento de transporte p\u00fablico en San Mart\u00edn Texmelucan gener\u00f3 tensi\u00f3n con operadores de autobuses de la l\u00ednea Independiente.<\/p>\n\n\n\n<p>A pesar de que se registr\u00f3 un conato de enfrentamiento, los operadores terminaron acatando la indicaci\u00f3n de ocupar \u00fanicamente los cajones permitidos.<\/p>\n\n\n\n<p>La ma\u00f1ana de este mi\u00e9rcoles, personas que transitaban por la avenida Libertad reportaron que autobuses de la l\u00ednea Independiente obstru\u00edan la circulaci\u00f3n y que en el lugar se encontraban varios elementos de Tr\u00e1nsito Municipal.<\/p>\n\n\n\n<p>En entrevista para e-consulta, el director de Tr\u00e1nsito Municipal, Ubaldo Salda\u00f1a, se\u00f1al\u00f3 que los autobuses de dicha l\u00ednea afectaban la circulaci\u00f3n al estacionarse en doble fila, por lo que elementos de la corporaci\u00f3n les indicaron que no pod\u00edan permanecer en ese lugar.<\/p>\n\n\n\n<p>\u00abAl no acatar la indicaci\u00f3n de que \u00fanicamente tienen un espacio para ascenso y descenso en ese lugar, y al agredir a uno de mis compa\u00f1eros \u2014con el cami\u00f3n lo empujaron\u2014, tuvimos que intervenir para repeler la agresi\u00f3n por parte de los conductores\u00bb, se\u00f1al\u00f3 el funcionario.<\/p>\n\n\n\n<p>Cabe destacar que de manera recurrente automovilistas y transe\u00fantes han reportado que autobuses de esta empresa se estacionan en doble fila, obstruyendo el tr\u00e1nsito en la zona, y que los operadores adoptan una actitud agresiva cuando se les llama la atenci\u00f3n al respecto.<\/p>\n\n\n\n<p>El director de Tr\u00e1nsito precis\u00f3 que la indicaci\u00f3n de ocupar solo los espacios permitidos aplica para todas las unidades de transporte p\u00fablico, principalmente las que circulan por la avenida Libertad.<\/p>\n\n\n\n<p>\u00abInvito a los pasajeros a que denuncien cualquier arbitrariedad del transporte p\u00fablico, as\u00ed como de parte de nuestros compa\u00f1eros de Tr\u00e1nsito\u00bb, se\u00f1al\u00f3 Ubaldo Salda\u00f1a.<\/p>\n\n\n\n<p>Pese al conflicto, finalmente los operadores acataron la indicaci\u00f3n y ocuparon \u00fanicamente los dos cajones permitidos, sin obstruir la circulaci\u00f3n con estacionamiento en doble fila.<\/p>\n\n\n\n<p>Las autoridades se\u00f1alaron que continuar\u00e1n realizando operativos para liberar las vialidades, tanto vehiculares como peatonales, principalmente en la cabecera municipal.<\/p>\n","protected":false},"excerpt":{"rendered":"<p>El reordenamiento de transporte p\u00fablico en San Mart\u00edn Texmelucan gener\u00f3 tensi\u00f3n con operadores de autobuses de la l\u00ednea Independiente. A pesar de que se registr\u00f3 un conato de enfrentamiento, los operadores terminaron acatando la indicaci\u00f3n de ocupar \u00fanicamente los cajones permitidos. La ma\u00f1ana de este mi\u00e9rcoles, personas que transitaban por la avenida Libertad reportaron que [&hellip;]<\/p>\n","protected":false},"author":1,"featured_media":78780,"comment_status":"open","ping_status":"open","sticky":false,"template":"","format":"standard","meta":{"om_disable_all_campaigns":false,"_monsterinsights_skip_tracking":false,"_monsterinsights_sitenote_active":false,"_monsterinsights_sitenote_note":"","_monsterinsights_sitenote_category":0,"footnotes":""},"categories":[175],"tags":[],"class_list":["post-78779","post","type-post","status-publish","format-standard","has-post-thumbnail","hentry","category-local"],"amp_enabled":true,"_links":{"self":[{"href":"https:\/\/lahora.mx\/index.php\/wp-json\/wp\/v2\/posts\/78779","targetHints":{"allow":["GET"]}}],"collection":[{"href":"https:\/\/lahora.mx\/index.php\/wp-json\/wp\/v2\/posts"}],"about":[{"href":"https:\/\/lahora.mx\/index.php\/wp-json\/wp\/v2\/types\/post"}],"author":[{"embeddable":true,"href":"https:\/\/lahora.mx\/index.php\/wp-json\/wp\/v2\/users\/1"}],"replies":[{"embeddable":true,"href":"https:\/\/lahora.mx\/index.php\/wp-json\/wp\/v2\/comments?post=78779"}],"version-history":[{"count":1,"href":"https:\/\/lahora.mx\/index.php\/wp-json\/wp\/v2\/posts\/78779\/revisions"}],"predecessor-version":[{"id":78781,"href":"https:\/\/lahora.mx\/index.php\/wp-json\/wp\/v2\/posts\/78779\/revisions\/78781"}],"wp:featuredmedia":[{"embeddable":true,"href":"https:\/\/lahora.mx\/index.php\/wp-json\/wp\/v2\/media\/78780"}],"wp:attachment":[{"href":"https:\/\/lahora.mx\/index.php\/wp-json\/wp\/v2\/media?parent=78779"}],"wp:term":[{"taxonomy":"category","embeddable":true,"href":"https:\/\/lahora.mx\/index.php\/wp-json\/wp\/v2\/categories?post=78779"},{"taxonomy":"post_tag","embeddable":true,"href":"https:\/\/lahora.mx\/index.php\/wp-json\/wp\/v2\/tags?post=78779"}],"curies":[{"name":"wp","href":"https:\/\/api.w.org\/{rel}","templated":true}]}}