{"id":78776,"date":"2026-03-11T21:51:08","date_gmt":"2026-03-11T21:51:08","guid":{"rendered":"https:\/\/lahora.mx\/?p=78776"},"modified":"2026-03-11T21:51:09","modified_gmt":"2026-03-11T21:51:09","slug":"la-copa-del-mundo-llega-a-puebla-habra-200-policias-para-resguardarla","status":"publish","type":"post","link":"https:\/\/lahora.mx\/index.php\/2026\/03\/11\/la-copa-del-mundo-llega-a-puebla-habra-200-policias-para-resguardarla\/","title":{"rendered":"La Copa del Mundo llega a Puebla; habr\u00e1 200 polic\u00edas para resguardarla"},"content":{"rendered":"\n<p>El trofeo de la Copa Mundial de la FIFA llegar\u00e1 a Puebla el 17 de marzo y permanecer\u00e1 en exhibici\u00f3n los d\u00edas 18 y 19 en el Centro Expositor, como parte del Trophy Tour internacional previo al torneo de 2026.<\/p>\n\n\n\n<p>La gira inici\u00f3 el 3 de enero y recorrer\u00e1 30 pa\u00edses durante 150 d\u00edas. En M\u00e9xico se desarrolla del 28 de febrero al 22 de marzo, visitando ciudades como Le\u00f3n, Veracruz, Chihuahua, Quer\u00e9taro, Puebla y M\u00e9rida.<\/p>\n\n\n\n<p>Para garantizar la seguridad del trofeo, la Secretar\u00eda de Seguridad Ciudadana del municipio desplegar\u00e1 200 elementos en coordinaci\u00f3n con la Guardia Nacional y la Secretar\u00eda de Seguridad P\u00fablica estatal durante toda la visita.<\/p>\n\n\n\n<p>El operativo comenzar\u00e1 desde el Aeropuerto Internacional Hermanos Serd\u00e1n, en Huejotzingo, donde el trofeo aterrizar\u00e1 el 17 de marzo.<\/p>\n\n\n\n<p>Desde ah\u00ed, un convoy coordinado entre los tres \u00f3rdenes de gobierno lo escoltar\u00e1 hasta la capital poblana.<\/p>\n\n\n\n<p>El acceso al Centro Expositor est\u00e1 controlado mediante registro previo en la plataforma de la empresa organizadora. Los boletos para ambas fechas ya se reportan agotados, seg\u00fan inform\u00f3 la refresquera a cargo del registro.<\/p>\n\n\n\n<p>La Copa del Mundo 2026 se disputar\u00e1 del 11 de junio al 19 de julio en M\u00e9xico, Estados Unidos y Canad\u00e1, siendo la primera edici\u00f3n organizada por tres naciones. El partido inaugural ser\u00e1 el 11 de junio en el Estadio Azteca, entre M\u00e9xico y Sud\u00e1frica.<\/p>\n\n\n\n<p>M\u00e9xico se convertir\u00e1 en el primer pa\u00eds en albergar tres ediciones del torneo, tras haber sido sede en 1970 y 1986, lo que a\u00f1ade un valor hist\u00f3rico especial a la visita del trofeo en territorio nacional.<\/p>\n","protected":false},"excerpt":{"rendered":"<p>El trofeo de la Copa Mundial de la FIFA llegar\u00e1 a Puebla el 17 de marzo y permanecer\u00e1 en exhibici\u00f3n los d\u00edas 18 y 19 en el Centro Expositor, como parte del Trophy Tour internacional previo al torneo de 2026. La gira inici\u00f3 el 3 de enero y recorrer\u00e1 30 pa\u00edses durante 150 d\u00edas. En [&hellip;]<\/p>\n","protected":false},"author":1,"featured_media":78777,"comment_status":"open","ping_status":"open","sticky":false,"template":"","format":"standard","meta":{"om_disable_all_campaigns":false,"_monsterinsights_skip_tracking":false,"_monsterinsights_sitenote_active":false,"_monsterinsights_sitenote_note":"","_monsterinsights_sitenote_category":0,"footnotes":""},"categories":[6],"tags":[],"class_list":["post-78776","post","type-post","status-publish","format-standard","has-post-thumbnail","hentry","category-sports"],"amp_enabled":true,"_links":{"self":[{"href":"https:\/\/lahora.mx\/index.php\/wp-json\/wp\/v2\/posts\/78776","targetHints":{"allow":["GET"]}}],"collection":[{"href":"https:\/\/lahora.mx\/index.php\/wp-json\/wp\/v2\/posts"}],"about":[{"href":"https:\/\/lahora.mx\/index.php\/wp-json\/wp\/v2\/types\/post"}],"author":[{"embeddable":true,"href":"https:\/\/lahora.mx\/index.php\/wp-json\/wp\/v2\/users\/1"}],"replies":[{"embeddable":true,"href":"https:\/\/lahora.mx\/index.php\/wp-json\/wp\/v2\/comments?post=78776"}],"version-history":[{"count":1,"href":"https:\/\/lahora.mx\/index.php\/wp-json\/wp\/v2\/posts\/78776\/revisions"}],"predecessor-version":[{"id":78778,"href":"https:\/\/lahora.mx\/index.php\/wp-json\/wp\/v2\/posts\/78776\/revisions\/78778"}],"wp:featuredmedia":[{"embeddable":true,"href":"https:\/\/lahora.mx\/index.php\/wp-json\/wp\/v2\/media\/78777"}],"wp:attachment":[{"href":"https:\/\/lahora.mx\/index.php\/wp-json\/wp\/v2\/media?parent=78776"}],"wp:term":[{"taxonomy":"category","embeddable":true,"href":"https:\/\/lahora.mx\/index.php\/wp-json\/wp\/v2\/categories?post=78776"},{"taxonomy":"post_tag","embeddable":true,"href":"https:\/\/lahora.mx\/index.php\/wp-json\/wp\/v2\/tags?post=78776"}],"curies":[{"name":"wp","href":"https:\/\/api.w.org\/{rel}","templated":true}]}}