{"id":78758,"date":"2026-03-11T15:57:19","date_gmt":"2026-03-11T15:57:19","guid":{"rendered":"https:\/\/lahora.mx\/?p=78758"},"modified":"2026-03-11T15:57:20","modified_gmt":"2026-03-11T15:57:20","slug":"seleccion-de-iran-descartada-para-mundial-de-futbol-2026","status":"publish","type":"post","link":"https:\/\/lahora.mx\/index.php\/2026\/03\/11\/seleccion-de-iran-descartada-para-mundial-de-futbol-2026\/","title":{"rendered":"Selecci\u00f3n de Ir\u00e1n descartada para Mundial de Futbol 2026"},"content":{"rendered":"\n<p>Debido al conflicto que vive el pa\u00eds tras el ataque por parte de Estados Unidos y de Israel desde el pasado 28 de febrero del presente a\u00f1o, el ministro de Deportes de Ir\u00e1n, Ahmad Donyamali, inform\u00f3 que la selecci\u00f3n varonil de ese pa\u00eds participe en el Mundial de Futbol 2026.<\/p>\n\n\n\n<p>\u201cDado que este gobierno corrupto asesin\u00f3 a nuestro l\u00edder, no hay condiciones en las que podamos participar en el Mundial en vista de las medidas maliciosas tomadas contra Ir\u00e1n y que se nos impusieron dos guerras en ocho o nueve meses y varios miles de nuestros ciudadanos fueron asesinados. Por lo tanto, definitivamente, no tenemos ninguna posibilidad de participar de esta manera\u201d, sostuvo Ahmad Donyamali en una entrevista televisiva.<br>Cabe recordar que la Selecci\u00f3n de Ir\u00e1n qued\u00f3 ubicada en el Grupo G del Mundial, junto con B\u00e9lgica, Egipto y Nueva Zelanda, por lo que todos sus compromisos est\u00e1n programados en Estados Unidos.<\/p>\n\n\n\n<p>Al respecto, Gianni Infantino, presidente de la FIFA, se\u00f1al\u00f3 que Donald Trump, presidente de Estados Unidos, le inform\u00f3 que Ir\u00e1n es bienvenido al Mundial 2026.<\/p>\n\n\n\n<p>Partidos de Ir\u00e1n en el mundial 2026<\/p>\n\n\n\n<p>Viernes 26 de junio: Egipto vs. Ir\u00e1n\/Seattle<\/p>\n\n\n\n<p>Lunes 15 de junio: Ir\u00e1n vs. Nueva Zelanda\/Los \u00c1ngeles<\/p>\n\n\n\n<p>Domingo 21 de junio: B\u00e9lgica vs. Ir\u00e1n\/Los \u00c1ngeles<\/p>\n","protected":false},"excerpt":{"rendered":"<p>Debido al conflicto que vive el pa\u00eds tras el ataque por parte de Estados Unidos y de Israel desde el pasado 28 de febrero del presente a\u00f1o, el ministro de Deportes de Ir\u00e1n, Ahmad Donyamali, inform\u00f3 que la selecci\u00f3n varonil de ese pa\u00eds participe en el Mundial de Futbol 2026. \u201cDado que este gobierno corrupto [&hellip;]<\/p>\n","protected":false},"author":1,"featured_media":78759,"comment_status":"open","ping_status":"open","sticky":false,"template":"","format":"standard","meta":{"om_disable_all_campaigns":false,"_monsterinsights_skip_tracking":false,"_monsterinsights_sitenote_active":false,"_monsterinsights_sitenote_note":"","_monsterinsights_sitenote_category":0,"footnotes":""},"categories":[6],"tags":[],"class_list":["post-78758","post","type-post","status-publish","format-standard","has-post-thumbnail","hentry","category-sports"],"amp_enabled":true,"_links":{"self":[{"href":"https:\/\/lahora.mx\/index.php\/wp-json\/wp\/v2\/posts\/78758","targetHints":{"allow":["GET"]}}],"collection":[{"href":"https:\/\/lahora.mx\/index.php\/wp-json\/wp\/v2\/posts"}],"about":[{"href":"https:\/\/lahora.mx\/index.php\/wp-json\/wp\/v2\/types\/post"}],"author":[{"embeddable":true,"href":"https:\/\/lahora.mx\/index.php\/wp-json\/wp\/v2\/users\/1"}],"replies":[{"embeddable":true,"href":"https:\/\/lahora.mx\/index.php\/wp-json\/wp\/v2\/comments?post=78758"}],"version-history":[{"count":1,"href":"https:\/\/lahora.mx\/index.php\/wp-json\/wp\/v2\/posts\/78758\/revisions"}],"predecessor-version":[{"id":78760,"href":"https:\/\/lahora.mx\/index.php\/wp-json\/wp\/v2\/posts\/78758\/revisions\/78760"}],"wp:featuredmedia":[{"embeddable":true,"href":"https:\/\/lahora.mx\/index.php\/wp-json\/wp\/v2\/media\/78759"}],"wp:attachment":[{"href":"https:\/\/lahora.mx\/index.php\/wp-json\/wp\/v2\/media?parent=78758"}],"wp:term":[{"taxonomy":"category","embeddable":true,"href":"https:\/\/lahora.mx\/index.php\/wp-json\/wp\/v2\/categories?post=78758"},{"taxonomy":"post_tag","embeddable":true,"href":"https:\/\/lahora.mx\/index.php\/wp-json\/wp\/v2\/tags?post=78758"}],"curies":[{"name":"wp","href":"https:\/\/api.w.org\/{rel}","templated":true}]}}