{"id":78740,"date":"2026-03-11T01:41:14","date_gmt":"2026-03-11T01:41:14","guid":{"rendered":"https:\/\/lahora.mx\/?p=78740"},"modified":"2026-03-11T01:41:15","modified_gmt":"2026-03-11T01:41:15","slug":"imss-denuncia-robo-de-medicamentos-en-la-clinica-7-de-san-bartolo","status":"publish","type":"post","link":"https:\/\/lahora.mx\/index.php\/2026\/03\/11\/imss-denuncia-robo-de-medicamentos-en-la-clinica-7-de-san-bartolo\/","title":{"rendered":"IMSS denuncia robo de medicamentos en la Cl\u00ednica 7 de San Bartolo"},"content":{"rendered":"\n<p class=\"wp-block-paragraph\">El IMSS confirma el hurto de medicamentos controlados ocurrido en la madrugada del lunes en la cl\u00ednica 7 localizada en San Bartolo, indicando que la denuncia correspondiente ya ha sido presentada a la Fiscal\u00eda del Estado.<\/p>\n\n\n\n<p class=\"wp-block-paragraph\">A trav\u00e9s de un breve comunicado, el Instituto M\u00e9dico del Seguro Social ratific\u00f3 el robo que tuvo lugar durante la madrugada del lunes en las instalaciones de la cl\u00ednica 7, situada en la unidad habitacional San Bartolo, al sur de Puebla.<\/p>\n\n\n\n<p class=\"wp-block-paragraph\">Como inform\u00f3 DIARIO CAMBIO, los delincuentes lograron sustraer medicamentos controlados, sin embargo, a pesar de esta situaci\u00f3n, el servicio continu\u00f3 brind\u00e1ndose de manera habitual a los derechohabientes.<\/p>\n\n\n\n<p class=\"wp-block-paragraph\">Finalmente, el IMSS destac\u00f3 que la denuncia pertinente ya fue presentada ante la Fiscal\u00eda General del Estado, con el objetivo de que se inicien las investigaciones correspondientes sobre este incidente. Adem\u00e1s, el instituto reiter\u00f3 su pol\u00edtica de cero tolerancia frente a estos actos que afectan el patrimonio institucional y su compromiso con la transparencia y atenci\u00f3n oportuna.<\/p>\n","protected":false},"excerpt":{"rendered":"<p>El IMSS confirma el hurto de medicamentos controlados ocurrido en la madrugada del lunes en la cl\u00ednica 7 localizada en San Bartolo, indicando que la denuncia correspondiente ya ha sido presentada a la Fiscal\u00eda del Estado. A trav\u00e9s de un breve comunicado, el Instituto M\u00e9dico del Seguro Social ratific\u00f3 el robo que tuvo lugar durante [&hellip;]<\/p>\n","protected":false},"author":1,"featured_media":78741,"comment_status":"open","ping_status":"open","sticky":false,"template":"","format":"standard","meta":{"om_disable_all_campaigns":false,"_monsterinsights_skip_tracking":false,"footnotes":""},"categories":[226],"tags":[],"class_list":["post-78740","post","type-post","status-publish","format-standard","has-post-thumbnail","hentry","category-policia"],"amp_enabled":true,"_links":{"self":[{"href":"https:\/\/lahora.mx\/index.php\/wp-json\/wp\/v2\/posts\/78740","targetHints":{"allow":["GET"]}}],"collection":[{"href":"https:\/\/lahora.mx\/index.php\/wp-json\/wp\/v2\/posts"}],"about":[{"href":"https:\/\/lahora.mx\/index.php\/wp-json\/wp\/v2\/types\/post"}],"author":[{"embeddable":true,"href":"https:\/\/lahora.mx\/index.php\/wp-json\/wp\/v2\/users\/1"}],"replies":[{"embeddable":true,"href":"https:\/\/lahora.mx\/index.php\/wp-json\/wp\/v2\/comments?post=78740"}],"version-history":[{"count":1,"href":"https:\/\/lahora.mx\/index.php\/wp-json\/wp\/v2\/posts\/78740\/revisions"}],"predecessor-version":[{"id":78742,"href":"https:\/\/lahora.mx\/index.php\/wp-json\/wp\/v2\/posts\/78740\/revisions\/78742"}],"wp:featuredmedia":[{"embeddable":true,"href":"https:\/\/lahora.mx\/index.php\/wp-json\/wp\/v2\/media\/78741"}],"wp:attachment":[{"href":"https:\/\/lahora.mx\/index.php\/wp-json\/wp\/v2\/media?parent=78740"}],"wp:term":[{"taxonomy":"category","embeddable":true,"href":"https:\/\/lahora.mx\/index.php\/wp-json\/wp\/v2\/categories?post=78740"},{"taxonomy":"post_tag","embeddable":true,"href":"https:\/\/lahora.mx\/index.php\/wp-json\/wp\/v2\/tags?post=78740"}],"curies":[{"name":"wp","href":"https:\/\/api.w.org\/{rel}","templated":true}]}}