{"id":78690,"date":"2026-03-10T15:36:23","date_gmt":"2026-03-10T15:36:23","guid":{"rendered":"https:\/\/lahora.mx\/?p=78690"},"modified":"2026-03-10T17:56:58","modified_gmt":"2026-03-10T17:56:58","slug":"eleccion-del-poder-judicial-en-puebla-sera-el-6-de-junio-cuando-se-vote-por-jueces-y-magistrados","status":"publish","type":"post","link":"https:\/\/lahora.mx\/index.php\/2026\/03\/10\/eleccion-del-poder-judicial-en-puebla-sera-el-6-de-junio-cuando-se-vote-por-jueces-y-magistrados\/","title":{"rendered":"Elecci\u00f3n del Poder Judicial en Puebla: ser\u00e1 el 6 de junio cuando se vote por jueces y magistrados"},"content":{"rendered":"\n<p>Por primera vez en la historia de Puebla, la ciudadan\u00eda votar\u00e1 a los jueces y magistrados del Poder Judicial del Estado, en un proceso electoral que iniciar\u00e1 formalmente este a\u00f1o.<\/p>\n\n\n\n<p>El gobernador Alejandro Armenta envi\u00f3 al Congreso un paquete de iniciativas para la renovaci\u00f3n del Poder Judicial, a fin de implementar las primeras elecciones de jueces y magistrados en Puebla.<\/p>\n\n\n\n<p>Recordar que el 11 de marzo del 2025, el Congreso aprob\u00f3 la primera parte de las reformas al Poder Judicial para elegir por voto popular a juzgadores locales.<\/p>\n\n\n\n<p>Lo anterior como una homologaci\u00f3n a las reformas que impuls\u00f3 el expresidente Andr\u00e9s Manuel L\u00f3pez Obrador en 2024, mismas que dieron como resultado las primeras elecciones de jueces, magistrados y ministros del Poder Judicial de la Federaci\u00f3n (PJF) en junio del 2025.<\/p>\n\n\n\n<p>Las reformas complementarias al Poder Judicial incluyen modificaciones a las siguientes normas:<\/p>\n\n\n\n<p>\u2014C\u00f3digo de Instituciones y Proceso Electorales<br>\u2014Ley de Carrera Judicial<br>\u2014Ley Org\u00e1nica de la Defensor\u00eda P\u00fablica<br>\u2014Ley del Procedimiento Contencioso Administrativo<br>\u2014Ley Reglamentaria de los Medios de Defensa de la Constituci\u00f3n Pol\u00edtica del Estado<br>\u2014Ley de Responsabilidades de los Servidores P\u00fablicos<br>\u2014Ley Org\u00e1nica de la Administraci\u00f3n P\u00fablica<\/p>\n\n\n\n<p>Asimismo, se expiden tres nuevas leyes:<\/p>\n\n\n\n<p>\u2014Ley Org\u00e1nica del Poder Judicial del Estado de Puebla<br>\u2014Ley Org\u00e1nica del Tribunal de Justicia Administrativa (en reemplazo del Consejo de la Judicatura)<br>\u2014Ley de Mecanismos Alternativos de Soluci\u00f3n de Controversias<\/p>\n\n\n\n<p>En esta fecha inicia el proceso electoral del Poder Judicial de Puebla con elecciones en 2027<br>Para la primera elecci\u00f3n del Poder Judicial del Estado, el C\u00f3digo Electoral se\u00f1ala que esta se llevar\u00e1 a cabo en siete etapas:<\/p>\n\n\n\n<p>\u2014Emisi\u00f3n de la convocatoria y postulaci\u00f3n de candidaturas: 30 d\u00edas despu\u00e9s de que el Congreso instale el primer periodo ordinario de sesiones del a\u00f1o anterior al de la elecci\u00f3n.<\/p>\n\n\n\n<p>El primer periodo ordinario de sesiones del 2026 inicia el 15 de septiembre.<\/p>\n\n\n\n<p>El 12 de febrero del 2027 concluye la remisi\u00f3n del listado de candidaturas ante el Instituto Electoral del Estado (IEE).<\/p>\n\n\n\n<p>\u2014Preparaci\u00f3n de la elecci\u00f3n: Inicia con la primera sesi\u00f3n que el Consejo General del IEE celebre en los primeros 10 d\u00edas de noviembre del a\u00f1o previo a la elecci\u00f3n (2026), y concluye al inicio de la jornada electoral.<\/p>\n\n\n\n<p>\u2014Campa\u00f1a electoral: Durar\u00e1 60 d\u00edas improrrogables y concluir\u00e1 tres d\u00edas antes de la jornada electoral.<\/p>\n\n\n\n<p>No habr\u00e1 periodo de precampa\u00f1as, ni podr\u00e1n realizarse actos anticipados de campa\u00f1a.<\/p>\n\n\n\n<p>\u2014Jornada electoral: Inicia a las 8:00 horas del primer domingo de junio del a\u00f1o y concluye con la clasificaci\u00f3n y conteo general de boletas por tipo de elecci\u00f3n.<\/p>\n\n\n\n<p>Las elecciones judiciales, al igual que las de diputados locales, ayuntamientos y de gubernatura, ser\u00e1n el mismo a\u00f1o que las elecciones federales.<\/p>\n\n\n\n<p>\u2014C\u00f3mputos y sumatoria: Inicia con la instalaci\u00f3n de la sesi\u00f3n permanente de c\u00f3mputo, misma que se celebrar\u00e1 a m\u00e1s tardar el martes siguiente a la jornada electoral.<\/p>\n\n\n\n<p>Concluye con la sumatoria de los c\u00f3mputos que a nivel estatal, regional o por zona conurbada realice el Consejo General del IEE.<\/p>\n\n\n\n<p>Elecci\u00f3n Judicial 2025: una votaci\u00f3n in\u00e9dita entre desinter\u00e9s y acordeones (VIDEO)<br>Urna de votaciones para elecci\u00f3n del Poder Judicial. Cr\u00e9ditos: Jes\u00fas Tepal\/ MTP Noticias<br>\u2014Asignaci\u00f3n de cargos: Inicia con la identificaci\u00f3n, por parte del IEE, de las candidaturas que hayan obtenido el mayor n\u00famero de votos.<\/p>\n\n\n\n<p>Se acaba cuando el Consejo General del IEE entregue las constancias de mayor\u00eda a los ganadores, tomando en cuenta el principio de paridad de g\u00e9nero.<\/p>\n\n\n\n<p>\u2014Entrega de constancias de mayor\u00eda y declaraci\u00f3n de validez de la elecci\u00f3n: concluir\u00e1 cuando todas las asignaciones queden firmes tras la resoluci\u00f3n de impugnaciones ante tribunales.<\/p>\n\n\n\n<p>\u00bfCu\u00e1ndo es la primera elecci\u00f3n del Poder Judicial?<br>De acuerdo con lo que establecen las modificaciones al C\u00f3digo de Instituciones y Proceso Electorales, la primera elecci\u00f3n judicial de Puebla se celebrar\u00e1 el primer domingo de junio.<\/p>\n\n\n\n<p>Dicha fecha coincide con las elecciones que habr\u00e1 para diputaciones locales y federales, as\u00ed como para las presidencias de los 217 municipios del estado.<\/p>\n\n\n\n<p>Es decir, el seis de junio del 2027 las y los poblanos votar\u00e1n por primera vez por jueces y magistrados del Poder Judicial local.<\/p>\n","protected":false},"excerpt":{"rendered":"<p>Por primera vez en la historia de Puebla, la ciudadan\u00eda votar\u00e1 a los jueces y magistrados del Poder Judicial del Estado, en un proceso electoral que iniciar\u00e1 formalmente este a\u00f1o. El gobernador Alejandro Armenta envi\u00f3 al Congreso un paquete de iniciativas para la renovaci\u00f3n del Poder Judicial, a fin de implementar las primeras elecciones de [&hellip;]<\/p>\n","protected":false},"author":1,"featured_media":78691,"comment_status":"open","ping_status":"open","sticky":false,"template":"","format":"standard","meta":{"om_disable_all_campaigns":false,"_monsterinsights_skip_tracking":false,"_monsterinsights_sitenote_active":false,"_monsterinsights_sitenote_note":"","_monsterinsights_sitenote_category":0,"footnotes":""},"categories":[5],"tags":[195,223],"class_list":["post-78690","post","type-post","status-publish","format-standard","has-post-thumbnail","hentry","category-politica","tag-principal","tag-puebla"],"amp_enabled":true,"_links":{"self":[{"href":"https:\/\/lahora.mx\/index.php\/wp-json\/wp\/v2\/posts\/78690","targetHints":{"allow":["GET"]}}],"collection":[{"href":"https:\/\/lahora.mx\/index.php\/wp-json\/wp\/v2\/posts"}],"about":[{"href":"https:\/\/lahora.mx\/index.php\/wp-json\/wp\/v2\/types\/post"}],"author":[{"embeddable":true,"href":"https:\/\/lahora.mx\/index.php\/wp-json\/wp\/v2\/users\/1"}],"replies":[{"embeddable":true,"href":"https:\/\/lahora.mx\/index.php\/wp-json\/wp\/v2\/comments?post=78690"}],"version-history":[{"count":1,"href":"https:\/\/lahora.mx\/index.php\/wp-json\/wp\/v2\/posts\/78690\/revisions"}],"predecessor-version":[{"id":78692,"href":"https:\/\/lahora.mx\/index.php\/wp-json\/wp\/v2\/posts\/78690\/revisions\/78692"}],"wp:featuredmedia":[{"embeddable":true,"href":"https:\/\/lahora.mx\/index.php\/wp-json\/wp\/v2\/media\/78691"}],"wp:attachment":[{"href":"https:\/\/lahora.mx\/index.php\/wp-json\/wp\/v2\/media?parent=78690"}],"wp:term":[{"taxonomy":"category","embeddable":true,"href":"https:\/\/lahora.mx\/index.php\/wp-json\/wp\/v2\/categories?post=78690"},{"taxonomy":"post_tag","embeddable":true,"href":"https:\/\/lahora.mx\/index.php\/wp-json\/wp\/v2\/tags?post=78690"}],"curies":[{"name":"wp","href":"https:\/\/api.w.org\/{rel}","templated":true}]}}