{"id":78669,"date":"2026-03-10T02:11:40","date_gmt":"2026-03-10T02:11:40","guid":{"rendered":"https:\/\/lahora.mx\/?p=78669"},"modified":"2026-03-10T02:11:40","modified_gmt":"2026-03-10T02:11:40","slug":"trump-critica-nombramiento-de-mojtaba-jamenei-como-lider-supremo-de-iran","status":"publish","type":"post","link":"https:\/\/lahora.mx\/index.php\/2026\/03\/10\/trump-critica-nombramiento-de-mojtaba-jamenei-como-lider-supremo-de-iran\/","title":{"rendered":"Trump critica nombramiento de Mojtaba Jamene\u00ed como l\u00edder supremo de Ir\u00e1n"},"content":{"rendered":"\n<p>El presidente de Estados Unidos , Donald Trump , critic\u00f3 la designaci\u00f3n de Mojtaba Jamene\u00ed como nuevo l\u00edder supremo de Ir\u00e1n y asegur\u00f3 que su llegada al poder representa un error para Teher\u00e1n en medio de la guerra que enfrenta a la rep\u00fablica isl\u00e1mica con Washington e Israel. En declaraciones a NBC News , el mandatario afirm\u00f3 que la elecci\u00f3n fue \u201cun gran error\u201d y puso en duda la permanencia del dirigente iran\u00ed.<\/p>\n\n\n\n<p>Trump sostuvo adem\u00e1s que no est\u00e1 claro cu\u00e1nto tiempo podr\u00e1 mantenerse Mojtaba Jamene\u00ed en el cargo. Un d\u00eda antes, en una entrevista con ABC News , el republicano aguant\u00f3 a\u00fan m\u00e1s el tono y dijo que el nuevo liderazgo iran\u00ed tendr\u00eda que contar con la aprobaci\u00f3n de Estados Unidos para durar, una declaraci\u00f3n que elev\u00f3 la presi\u00f3n pol\u00edtica sobre Teher\u00e1n.<br>La reacci\u00f3n del presidente estadounidense lleg\u00f3 despu\u00e9s de que Ir\u00e1n confirmara la elecci\u00f3n de Mojtaba Jamene\u00ed como sucesor de su padre, en medio de una nueva fase de confrontaci\u00f3n regional y de creciente incertidumbre sobre la estabilidad del r\u00e9gimen. Reportes de Reuters y AP se\u00f1alaron este lunes que instituciones y figuras del aparato iran\u00ed cerraron filas en torno al nuevo dirigente tras su nombramiento.<\/p>\n\n\n\n<p>El trasfondo de la crisis sigue marcado por la escalada militar entre Ir\u00e1n, Estados Unidos e Israel, as\u00ed como por el impacto pol\u00edtico que ha generado el relevo en la c\u00fapula iran\u00ed. En ese contexto, Trump ha insistido en presentar el cambio de liderazgo como un signo de debilidad del r\u00e9gimen y como una oportunidad para forzar una reacci\u00f3n pol\u00edtica en el pa\u00eds.<\/p>\n","protected":false},"excerpt":{"rendered":"<p>El presidente de Estados Unidos , Donald Trump , critic\u00f3 la designaci\u00f3n de Mojtaba Jamene\u00ed como nuevo l\u00edder supremo de Ir\u00e1n y asegur\u00f3 que su llegada al poder representa un error para Teher\u00e1n en medio de la guerra que enfrenta a la rep\u00fablica isl\u00e1mica con Washington e Israel. En declaraciones a NBC News , el [&hellip;]<\/p>\n","protected":false},"author":1,"featured_media":78670,"comment_status":"open","ping_status":"open","sticky":false,"template":"","format":"standard","meta":{"om_disable_all_campaigns":false,"_monsterinsights_skip_tracking":false,"_monsterinsights_sitenote_active":false,"_monsterinsights_sitenote_note":"","_monsterinsights_sitenote_category":0,"footnotes":""},"categories":[183],"tags":[],"class_list":["post-78669","post","type-post","status-publish","format-standard","has-post-thumbnail","hentry","category-internacional"],"amp_enabled":true,"_links":{"self":[{"href":"https:\/\/lahora.mx\/index.php\/wp-json\/wp\/v2\/posts\/78669","targetHints":{"allow":["GET"]}}],"collection":[{"href":"https:\/\/lahora.mx\/index.php\/wp-json\/wp\/v2\/posts"}],"about":[{"href":"https:\/\/lahora.mx\/index.php\/wp-json\/wp\/v2\/types\/post"}],"author":[{"embeddable":true,"href":"https:\/\/lahora.mx\/index.php\/wp-json\/wp\/v2\/users\/1"}],"replies":[{"embeddable":true,"href":"https:\/\/lahora.mx\/index.php\/wp-json\/wp\/v2\/comments?post=78669"}],"version-history":[{"count":1,"href":"https:\/\/lahora.mx\/index.php\/wp-json\/wp\/v2\/posts\/78669\/revisions"}],"predecessor-version":[{"id":78671,"href":"https:\/\/lahora.mx\/index.php\/wp-json\/wp\/v2\/posts\/78669\/revisions\/78671"}],"wp:featuredmedia":[{"embeddable":true,"href":"https:\/\/lahora.mx\/index.php\/wp-json\/wp\/v2\/media\/78670"}],"wp:attachment":[{"href":"https:\/\/lahora.mx\/index.php\/wp-json\/wp\/v2\/media?parent=78669"}],"wp:term":[{"taxonomy":"category","embeddable":true,"href":"https:\/\/lahora.mx\/index.php\/wp-json\/wp\/v2\/categories?post=78669"},{"taxonomy":"post_tag","embeddable":true,"href":"https:\/\/lahora.mx\/index.php\/wp-json\/wp\/v2\/tags?post=78669"}],"curies":[{"name":"wp","href":"https:\/\/api.w.org\/{rel}","templated":true}]}}