{"id":78660,"date":"2026-03-10T01:22:58","date_gmt":"2026-03-10T01:22:58","guid":{"rendered":"https:\/\/lahora.mx\/?p=78660"},"modified":"2026-03-10T01:22:59","modified_gmt":"2026-03-10T01:22:59","slug":"sheinbaum-sostiene-llamada-con-lula-para-revisar-proyectos-conjuntos","status":"publish","type":"post","link":"https:\/\/lahora.mx\/index.php\/2026\/03\/10\/sheinbaum-sostiene-llamada-con-lula-para-revisar-proyectos-conjuntos\/","title":{"rendered":"Sheinbaum sostiene llamada con Lula para revisar proyectos conjuntos"},"content":{"rendered":"\n<p>La presidenta de M\u00e9xico, Claudia Sheinbaum, sostuvo una conversaci\u00f3n telef\u00f3nica con el mandatario de Brasil, Luiz In\u00e1cio Lula da Silva, para revisar temas de cooperaci\u00f3n bilateral entre ambas naciones.<\/p>\n\n\n\n<p>Durante el di\u00e1logo, los l\u00edderes abordaron proyectos conjuntos relacionados con el desarrollo econ\u00f3mico, la educaci\u00f3n y la investigaci\u00f3n cient\u00edfica, con el objetivo de fortalecer la colaboraci\u00f3n entre M\u00e9xico y Brasil. La presidenta mexicana destac\u00f3 en redes sociales que el intercambio permiti\u00f3 dar seguimiento a iniciativas compartidas entre ambos gobiernos.<br>La llamada se realiz\u00f3 despu\u00e9s de que el fin de semana se llevara a cabo en Estados Unidos una cumbre continental enfocada en el combate al crimen organizado, convocada por el expresidente estadounidense Donald Trump, a la que asistieron varios jefes de Estado del continente.<\/p>\n\n\n\n<p>En la conversaci\u00f3n entre los mandatarios tambi\u00e9n participaron el titular de la Secretar\u00eda de Relaciones Exteriores, Juan Ram\u00f3n de la Fuente, y el jefe de la Oficina de la Presidencia, L\u00e1zaro C\u00e1rdenas Batel. Ambos funcionarios acompa\u00f1aron a la presidenta durante el intercambio diplom\u00e1tico.<\/p>\n","protected":false},"excerpt":{"rendered":"<p>La presidenta de M\u00e9xico, Claudia Sheinbaum, sostuvo una conversaci\u00f3n telef\u00f3nica con el mandatario de Brasil, Luiz In\u00e1cio Lula da Silva, para revisar temas de cooperaci\u00f3n bilateral entre ambas naciones. Durante el di\u00e1logo, los l\u00edderes abordaron proyectos conjuntos relacionados con el desarrollo econ\u00f3mico, la educaci\u00f3n y la investigaci\u00f3n cient\u00edfica, con el objetivo de fortalecer la colaboraci\u00f3n [&hellip;]<\/p>\n","protected":false},"author":1,"featured_media":78661,"comment_status":"open","ping_status":"open","sticky":false,"template":"","format":"standard","meta":{"om_disable_all_campaigns":false,"_monsterinsights_skip_tracking":false,"_monsterinsights_sitenote_active":false,"_monsterinsights_sitenote_note":"","_monsterinsights_sitenote_category":0,"footnotes":""},"categories":[176],"tags":[],"class_list":["post-78660","post","type-post","status-publish","format-standard","has-post-thumbnail","hentry","category-nacional"],"amp_enabled":true,"_links":{"self":[{"href":"https:\/\/lahora.mx\/index.php\/wp-json\/wp\/v2\/posts\/78660","targetHints":{"allow":["GET"]}}],"collection":[{"href":"https:\/\/lahora.mx\/index.php\/wp-json\/wp\/v2\/posts"}],"about":[{"href":"https:\/\/lahora.mx\/index.php\/wp-json\/wp\/v2\/types\/post"}],"author":[{"embeddable":true,"href":"https:\/\/lahora.mx\/index.php\/wp-json\/wp\/v2\/users\/1"}],"replies":[{"embeddable":true,"href":"https:\/\/lahora.mx\/index.php\/wp-json\/wp\/v2\/comments?post=78660"}],"version-history":[{"count":1,"href":"https:\/\/lahora.mx\/index.php\/wp-json\/wp\/v2\/posts\/78660\/revisions"}],"predecessor-version":[{"id":78662,"href":"https:\/\/lahora.mx\/index.php\/wp-json\/wp\/v2\/posts\/78660\/revisions\/78662"}],"wp:featuredmedia":[{"embeddable":true,"href":"https:\/\/lahora.mx\/index.php\/wp-json\/wp\/v2\/media\/78661"}],"wp:attachment":[{"href":"https:\/\/lahora.mx\/index.php\/wp-json\/wp\/v2\/media?parent=78660"}],"wp:term":[{"taxonomy":"category","embeddable":true,"href":"https:\/\/lahora.mx\/index.php\/wp-json\/wp\/v2\/categories?post=78660"},{"taxonomy":"post_tag","embeddable":true,"href":"https:\/\/lahora.mx\/index.php\/wp-json\/wp\/v2\/tags?post=78660"}],"curies":[{"name":"wp","href":"https:\/\/api.w.org\/{rel}","templated":true}]}}