{"id":78651,"date":"2026-03-10T00:10:36","date_gmt":"2026-03-10T00:10:36","guid":{"rendered":"https:\/\/lahora.mx\/?p=78651"},"modified":"2026-03-10T00:10:36","modified_gmt":"2026-03-10T00:10:36","slug":"refuerzan-seguridad-en-cereso-de-san-pedro-cholula","status":"publish","type":"post","link":"https:\/\/lahora.mx\/index.php\/2026\/03\/10\/refuerzan-seguridad-en-cereso-de-san-pedro-cholula\/","title":{"rendered":"Refuerzan seguridad en Cereso de San Pedro Cholula"},"content":{"rendered":"\n<p>La presidenta municipal de San Pedro Cholula, Tonantzin Fern\u00e1ndez D\u00edaz dio a conocer que reforzar\u00e1n la seguridad en el centro penitenciario, ubicado en el coraz\u00f3n del municipio, esto para evitar sucesos como el registrado el 16 de febrero cuando un recluso evadi\u00f3 la seguridad.<\/p>\n\n\n\n<p>Agradeci\u00f3 la labor coordinada de las autoridades estatales y municipales para la pronta captura de Ernesto N, quien logr\u00f3 evadir la seguridad de este recinto y escapar, pero detall\u00f3 que se tuvo un trabajo importante en materia de seguridad para dar con su paradero y lograr su captura.<br>Ante estos hechos, detall\u00f3 que se trabaja de forma conjunta con la subsecretaria de centros penitenciarios para reforzar la seguridad en el penal, con el fin de evitar que estos hechos se vuelvan a registrar.<\/p>\n\n\n\n<p>Adem\u00e1s, otra de las medidas que analizan es la de mantener traslados de las personas privadas de la libertad, sobre todo de aquellos que son sentenciados por un delito fuerte ya que este recinto s\u00f3lo alberga a presos de seguridad media.<\/p>\n\n\n\n<p>Con esta serie de traslados se buscar\u00e1 despresurizar la grave sobrepoblaci\u00f3n que existe en el centro penitenciario, aunque la \u00faltima palabra la tendr\u00e1 la subsecretaria de ceresos.<\/p>\n","protected":false},"excerpt":{"rendered":"<p>La presidenta municipal de San Pedro Cholula, Tonantzin Fern\u00e1ndez D\u00edaz dio a conocer que reforzar\u00e1n la seguridad en el centro penitenciario, ubicado en el coraz\u00f3n del municipio, esto para evitar sucesos como el registrado el 16 de febrero cuando un recluso evadi\u00f3 la seguridad. Agradeci\u00f3 la labor coordinada de las autoridades estatales y municipales para [&hellip;]<\/p>\n","protected":false},"author":1,"featured_media":78652,"comment_status":"open","ping_status":"open","sticky":false,"template":"","format":"standard","meta":{"om_disable_all_campaigns":false,"_monsterinsights_skip_tracking":false,"_monsterinsights_sitenote_active":false,"_monsterinsights_sitenote_note":"","_monsterinsights_sitenote_category":0,"footnotes":""},"categories":[226],"tags":[234,223],"class_list":["post-78651","post","type-post","status-publish","format-standard","has-post-thumbnail","hentry","category-policia","tag-cholula","tag-puebla"],"amp_enabled":true,"_links":{"self":[{"href":"https:\/\/lahora.mx\/index.php\/wp-json\/wp\/v2\/posts\/78651","targetHints":{"allow":["GET"]}}],"collection":[{"href":"https:\/\/lahora.mx\/index.php\/wp-json\/wp\/v2\/posts"}],"about":[{"href":"https:\/\/lahora.mx\/index.php\/wp-json\/wp\/v2\/types\/post"}],"author":[{"embeddable":true,"href":"https:\/\/lahora.mx\/index.php\/wp-json\/wp\/v2\/users\/1"}],"replies":[{"embeddable":true,"href":"https:\/\/lahora.mx\/index.php\/wp-json\/wp\/v2\/comments?post=78651"}],"version-history":[{"count":1,"href":"https:\/\/lahora.mx\/index.php\/wp-json\/wp\/v2\/posts\/78651\/revisions"}],"predecessor-version":[{"id":78653,"href":"https:\/\/lahora.mx\/index.php\/wp-json\/wp\/v2\/posts\/78651\/revisions\/78653"}],"wp:featuredmedia":[{"embeddable":true,"href":"https:\/\/lahora.mx\/index.php\/wp-json\/wp\/v2\/media\/78652"}],"wp:attachment":[{"href":"https:\/\/lahora.mx\/index.php\/wp-json\/wp\/v2\/media?parent=78651"}],"wp:term":[{"taxonomy":"category","embeddable":true,"href":"https:\/\/lahora.mx\/index.php\/wp-json\/wp\/v2\/categories?post=78651"},{"taxonomy":"post_tag","embeddable":true,"href":"https:\/\/lahora.mx\/index.php\/wp-json\/wp\/v2\/tags?post=78651"}],"curies":[{"name":"wp","href":"https:\/\/api.w.org\/{rel}","templated":true}]}}