{"id":7865,"date":"2022-06-07T02:08:11","date_gmt":"2022-06-07T02:08:11","guid":{"rendered":"http:\/\/lahora.mx\/?p=7865"},"modified":"2022-06-07T02:08:12","modified_gmt":"2022-06-07T02:08:12","slug":"gracias-por-ser-parte-de-esta-familia-buap-lilia-cedillo","status":"publish","type":"post","link":"https:\/\/lahora.mx\/index.php\/2022\/06\/07\/gracias-por-ser-parte-de-esta-familia-buap-lilia-cedillo\/","title":{"rendered":"Gracias por ser parte de esta familia BUAP Lilia Cedillo"},"content":{"rendered":"\n<p>Al presidir la ceremonia de graduaci\u00f3n 2016-2021 y 2017-2021, de las licenciaturas en F\u00edsica, Actuar\u00eda y en F\u00edsica Aplicada, la Rectora Lilia Cedillo Ram\u00edrez reconoci\u00f3 en estas generaciones fortalezas para concluir sus estudios no obstante las dificultades impuestas por la pandemia: \u201cAdmiro en ustedes la capacidad para salir siempre adelante\u201d.<\/p>\n\n\n\n<p>En la Unidad de Seminarios, en Ciudad Universitaria, acompa\u00f1ada por directivos, docentes y familiares, agradeci\u00f3 a los ahora graduados por haber estado en la instituci\u00f3n: \u201cGracias por ser parte de esta gran familia que somos la BUAP\u201d; asimismo, los alent\u00f3 a continuar: \u201cNo paren aqu\u00ed, sabemos que van a continuar hacia un posgrado, o bien insertarse en el mercado laboral\u201d.<\/p>\n\n\n\n<p>Por su parte, la directora de la Facultad de Ciencias F\u00edsico Matem\u00e1ticas, Martha Alicia Palomino Ovando, subray\u00f3 que lo m\u00e1s valioso de la BUAP son sus estudiantes, por lo que los motiv\u00f3 con estas palabras: \u201cSi llegaron hasta aqu\u00ed, quiere decir que llegar\u00e1n mucho m\u00e1s lejos\u201d.<\/p>\n","protected":false},"excerpt":{"rendered":"<p>Al presidir la ceremonia de graduaci\u00f3n 2016-2021 y 2017-2021, de las licenciaturas en F\u00edsica, Actuar\u00eda y en F\u00edsica Aplicada, la Rectora Lilia Cedillo Ram\u00edrez reconoci\u00f3 en estas generaciones fortalezas para concluir sus estudios no obstante las dificultades impuestas por la pandemia: \u201cAdmiro en ustedes la capacidad para salir siempre adelante\u201d. En la Unidad de Seminarios, [&hellip;]<\/p>\n","protected":false},"author":4,"featured_media":7866,"comment_status":"open","ping_status":"open","sticky":false,"template":"","format":"standard","meta":{"om_disable_all_campaigns":false,"_monsterinsights_skip_tracking":false,"_monsterinsights_sitenote_active":false,"_monsterinsights_sitenote_note":"","_monsterinsights_sitenote_category":0,"footnotes":""},"categories":[175],"tags":[186,195,223],"class_list":["post-7865","post","type-post","status-publish","format-standard","has-post-thumbnail","hentry","category-local","tag-buap","tag-principal","tag-puebla"],"amp_enabled":true,"_links":{"self":[{"href":"https:\/\/lahora.mx\/index.php\/wp-json\/wp\/v2\/posts\/7865","targetHints":{"allow":["GET"]}}],"collection":[{"href":"https:\/\/lahora.mx\/index.php\/wp-json\/wp\/v2\/posts"}],"about":[{"href":"https:\/\/lahora.mx\/index.php\/wp-json\/wp\/v2\/types\/post"}],"author":[{"embeddable":true,"href":"https:\/\/lahora.mx\/index.php\/wp-json\/wp\/v2\/users\/4"}],"replies":[{"embeddable":true,"href":"https:\/\/lahora.mx\/index.php\/wp-json\/wp\/v2\/comments?post=7865"}],"version-history":[{"count":2,"href":"https:\/\/lahora.mx\/index.php\/wp-json\/wp\/v2\/posts\/7865\/revisions"}],"predecessor-version":[{"id":13233,"href":"https:\/\/lahora.mx\/index.php\/wp-json\/wp\/v2\/posts\/7865\/revisions\/13233"}],"wp:featuredmedia":[{"embeddable":true,"href":"https:\/\/lahora.mx\/index.php\/wp-json\/wp\/v2\/media\/7866"}],"wp:attachment":[{"href":"https:\/\/lahora.mx\/index.php\/wp-json\/wp\/v2\/media?parent=7865"}],"wp:term":[{"taxonomy":"category","embeddable":true,"href":"https:\/\/lahora.mx\/index.php\/wp-json\/wp\/v2\/categories?post=7865"},{"taxonomy":"post_tag","embeddable":true,"href":"https:\/\/lahora.mx\/index.php\/wp-json\/wp\/v2\/tags?post=7865"}],"curies":[{"name":"wp","href":"https:\/\/api.w.org\/{rel}","templated":true}]}}