{"id":78633,"date":"2026-03-09T20:59:30","date_gmt":"2026-03-09T20:59:30","guid":{"rendered":"https:\/\/lahora.mx\/?p=78633"},"modified":"2026-03-09T20:59:34","modified_gmt":"2026-03-09T20:59:34","slug":"san-andres-cholula-reafirma-compromiso-por-la-igualdad-de-las-mujeres","status":"publish","type":"post","link":"https:\/\/lahora.mx\/index.php\/2026\/03\/09\/san-andres-cholula-reafirma-compromiso-por-la-igualdad-de-las-mujeres\/","title":{"rendered":"San Andr\u00e9s Cholula reafirma compromiso por la igualdad de las mujeres"},"content":{"rendered":"\n<p>En el marco del D\u00eda Internacional de las Mujeres, la presidenta municipal, Guadalupe Cuautle Torres, encabez\u00f3 la carrera conmemorativa \u201cPaso a Paso Rumbo a la Igualdad\u00bb, con la participaci\u00f3n de mujeres del municipio que se sumaron a esta actividad que promueve la reflexi\u00f3n, la igualdad y la apropiaci\u00f3n segura del espacio p\u00fablico.<\/p>\n\n\n\n<p>Durante su mensaje, la edil destac\u00f3 que el 8 de marzo no es una celebraci\u00f3n, sino una conmemoraci\u00f3n que invita a reflexionar sobre los avances alcanzados y, al mismo tiempo, sobre las desigualdades que a\u00fan persisten.<\/p>\n\n\n\n<p>\u201cEsta fecha nos invita no solo a reconocer los avances alcanzados gracias a la lucha hist\u00f3rica de las mujeres, sino tambi\u00e9n a seguir construyendo condiciones de igualdad, respeto y oportunidades para todas las mujeres del municipio\u00bb expres\u00f3.<\/p>\n\n\n\n<p>Asimismo, destac\u00f3 que su gobierno continuar\u00e1 impulsando acciones y pol\u00edticas p\u00fablicas que permitan avanzar hacia una sociedad m\u00e1s justa, donde las mujeres puedan desarrollarse plenamente y vivir libres de violencia.<\/p>\n\n\n\n<p><\/p>\n\n\n\n<p>La carrera, organizada por la Secretar\u00eda para la Igualdad Sustantiva de G\u00e9nero, reuni\u00f3 a cerca de 300 participantes, quienes recorrieron el circuito con salida en las instalaciones de Casa Violeta y meta en el Parque Intermunicipal, en un ambiente de solidaridad, respeto y reconocimiento a la lucha hist\u00f3rica de las mujeres.<\/p>\n\n\n\n<p>Finalmente, se realiz\u00f3 una ceremonia c\u00edvica en conmemoraci\u00f3n del 8 de marzo, con el prop\u00f3sito de fortalecer la conciencia colectiva sobre la importancia construir una sociedad m\u00e1s igualitaria.<\/p>\n","protected":false},"excerpt":{"rendered":"<p>En el marco del D\u00eda Internacional de las Mujeres, la presidenta municipal, Guadalupe Cuautle Torres, encabez\u00f3 la carrera conmemorativa \u201cPaso a Paso Rumbo a la Igualdad\u00bb, con la participaci\u00f3n de mujeres del municipio que se sumaron a esta actividad que promueve la reflexi\u00f3n, la igualdad y la apropiaci\u00f3n segura del espacio p\u00fablico. Durante su mensaje, [&hellip;]<\/p>\n","protected":false},"author":1,"featured_media":78634,"comment_status":"open","ping_status":"open","sticky":false,"template":"","format":"standard","meta":{"om_disable_all_campaigns":false,"_monsterinsights_skip_tracking":false,"_monsterinsights_sitenote_active":false,"_monsterinsights_sitenote_note":"","_monsterinsights_sitenote_category":0,"footnotes":""},"categories":[5],"tags":[234,223],"class_list":["post-78633","post","type-post","status-publish","format-standard","has-post-thumbnail","hentry","category-politica","tag-cholula","tag-puebla"],"amp_enabled":true,"_links":{"self":[{"href":"https:\/\/lahora.mx\/index.php\/wp-json\/wp\/v2\/posts\/78633","targetHints":{"allow":["GET"]}}],"collection":[{"href":"https:\/\/lahora.mx\/index.php\/wp-json\/wp\/v2\/posts"}],"about":[{"href":"https:\/\/lahora.mx\/index.php\/wp-json\/wp\/v2\/types\/post"}],"author":[{"embeddable":true,"href":"https:\/\/lahora.mx\/index.php\/wp-json\/wp\/v2\/users\/1"}],"replies":[{"embeddable":true,"href":"https:\/\/lahora.mx\/index.php\/wp-json\/wp\/v2\/comments?post=78633"}],"version-history":[{"count":1,"href":"https:\/\/lahora.mx\/index.php\/wp-json\/wp\/v2\/posts\/78633\/revisions"}],"predecessor-version":[{"id":78635,"href":"https:\/\/lahora.mx\/index.php\/wp-json\/wp\/v2\/posts\/78633\/revisions\/78635"}],"wp:featuredmedia":[{"embeddable":true,"href":"https:\/\/lahora.mx\/index.php\/wp-json\/wp\/v2\/media\/78634"}],"wp:attachment":[{"href":"https:\/\/lahora.mx\/index.php\/wp-json\/wp\/v2\/media?parent=78633"}],"wp:term":[{"taxonomy":"category","embeddable":true,"href":"https:\/\/lahora.mx\/index.php\/wp-json\/wp\/v2\/categories?post=78633"},{"taxonomy":"post_tag","embeddable":true,"href":"https:\/\/lahora.mx\/index.php\/wp-json\/wp\/v2\/tags?post=78633"}],"curies":[{"name":"wp","href":"https:\/\/api.w.org\/{rel}","templated":true}]}}