{"id":78603,"date":"2026-03-09T17:30:46","date_gmt":"2026-03-09T17:30:46","guid":{"rendered":"https:\/\/lahora.mx\/?p=78603"},"modified":"2026-03-09T17:30:46","modified_gmt":"2026-03-09T17:30:46","slug":"la-presidenta-sheinbaum-inaugura-hospital-oncologico-para-mujeres-en-la-cdmx","status":"publish","type":"post","link":"https:\/\/lahora.mx\/index.php\/2026\/03\/09\/la-presidenta-sheinbaum-inaugura-hospital-oncologico-para-mujeres-en-la-cdmx\/","title":{"rendered":"La presidenta Sheinbaum inaugura hospital oncol\u00f3gico para mujeres en la CDMX"},"content":{"rendered":"\n<p>Durante la conferencia matutina de este lunes 9 de marzo de 2026, la presidenta de M\u00e9xico, Claudia Sheinbaum, encabez\u00f3 la inauguraci\u00f3n del primer Hospital Oncol\u00f3gico para la Mujer en la alcald\u00eda Gustavo A. Madero, desde donde tambi\u00e9n realiz\u00f3 su conferencia conocida como la \u201cma\u00f1anera\u201d.<\/p>\n\n\n\n<p>Al inicio del evento, la mandataria explic\u00f3 que el hospital, identificado como La Pastora, fue rehabilitado para fortalecer la atenci\u00f3n m\u00e9dica especializada en c\u00e1ncer dirigido a la poblaci\u00f3n femenina. Como parte del proyecto, se cont\u00f3 con una donaci\u00f3n de 100 millones de pesos por parte de la empresa Grupo Modelo.<br>Sheinbaum destac\u00f3 que el nuevo centro m\u00e9dico incorporar\u00e1 un centro de innovaci\u00f3n basado en inteligencia artificial, tecnolog\u00eda que ser\u00e1 utilizada para mejorar el diagn\u00f3stico y tratamiento del c\u00e1ncer en mujeres, con el objetivo de fortalecer la detecci\u00f3n oportuna y la atenci\u00f3n especializada.<\/p>\n\n\n\n<p>La presidenta se\u00f1al\u00f3 que este hospital busca ampliar la capacidad del sistema de salud para atender enfermedades oncol\u00f3gicas, as\u00ed como impulsar el uso de herramientas tecnol\u00f3gicas que contribuyan a mejorar la calidad de los servicios m\u00e9dicos en el pa\u00eds.<\/p>\n","protected":false},"excerpt":{"rendered":"<p>Durante la conferencia matutina de este lunes 9 de marzo de 2026, la presidenta de M\u00e9xico, Claudia Sheinbaum, encabez\u00f3 la inauguraci\u00f3n del primer Hospital Oncol\u00f3gico para la Mujer en la alcald\u00eda Gustavo A. Madero, desde donde tambi\u00e9n realiz\u00f3 su conferencia conocida como la \u201cma\u00f1anera\u201d. Al inicio del evento, la mandataria explic\u00f3 que el hospital, identificado [&hellip;]<\/p>\n","protected":false},"author":1,"featured_media":78605,"comment_status":"open","ping_status":"open","sticky":false,"template":"","format":"standard","meta":{"om_disable_all_campaigns":false,"_monsterinsights_skip_tracking":false,"_monsterinsights_sitenote_active":false,"_monsterinsights_sitenote_note":"","_monsterinsights_sitenote_category":0,"footnotes":""},"categories":[176],"tags":[195],"class_list":["post-78603","post","type-post","status-publish","format-standard","has-post-thumbnail","hentry","category-nacional","tag-principal"],"amp_enabled":true,"_links":{"self":[{"href":"https:\/\/lahora.mx\/index.php\/wp-json\/wp\/v2\/posts\/78603","targetHints":{"allow":["GET"]}}],"collection":[{"href":"https:\/\/lahora.mx\/index.php\/wp-json\/wp\/v2\/posts"}],"about":[{"href":"https:\/\/lahora.mx\/index.php\/wp-json\/wp\/v2\/types\/post"}],"author":[{"embeddable":true,"href":"https:\/\/lahora.mx\/index.php\/wp-json\/wp\/v2\/users\/1"}],"replies":[{"embeddable":true,"href":"https:\/\/lahora.mx\/index.php\/wp-json\/wp\/v2\/comments?post=78603"}],"version-history":[{"count":1,"href":"https:\/\/lahora.mx\/index.php\/wp-json\/wp\/v2\/posts\/78603\/revisions"}],"predecessor-version":[{"id":78606,"href":"https:\/\/lahora.mx\/index.php\/wp-json\/wp\/v2\/posts\/78603\/revisions\/78606"}],"wp:featuredmedia":[{"embeddable":true,"href":"https:\/\/lahora.mx\/index.php\/wp-json\/wp\/v2\/media\/78605"}],"wp:attachment":[{"href":"https:\/\/lahora.mx\/index.php\/wp-json\/wp\/v2\/media?parent=78603"}],"wp:term":[{"taxonomy":"category","embeddable":true,"href":"https:\/\/lahora.mx\/index.php\/wp-json\/wp\/v2\/categories?post=78603"},{"taxonomy":"post_tag","embeddable":true,"href":"https:\/\/lahora.mx\/index.php\/wp-json\/wp\/v2\/tags?post=78603"}],"curies":[{"name":"wp","href":"https:\/\/api.w.org\/{rel}","templated":true}]}}