{"id":78561,"date":"2026-03-09T00:24:43","date_gmt":"2026-03-09T00:24:43","guid":{"rendered":"https:\/\/lahora.mx\/?p=78561"},"modified":"2026-03-09T00:24:43","modified_gmt":"2026-03-09T00:24:43","slug":"mojtaba-khamenei-asume-como-el-nuevo-lider-supremo-de-iran-en-plena-escalada-belica","status":"publish","type":"post","link":"https:\/\/lahora.mx\/index.php\/2026\/03\/09\/mojtaba-khamenei-asume-como-el-nuevo-lider-supremo-de-iran-en-plena-escalada-belica\/","title":{"rendered":"Mojtaba Khamenei asume como el nuevo l\u00edder supremo de Ir\u00e1n en plena escalada belica"},"content":{"rendered":"\n<p>Dub\u00e1i, Emiratos \u00c1rabes Unidos.- Mojtaba Khamenei , hijo del fallecido l\u00edder supremo de Ir\u00e1n, fue nombrado como su sucesor, de acuerdo con reportes difundidos por la televisi\u00f3n estatal iran\u00ed, en medio de la crisis abierta tras la muerte de su padre y la escalada militar que sacude a la regi\u00f3n.<\/p>\n\n\n\n<p>Mojtaba hab\u00eda sido mencionado desde hace a\u00f1os como uno de los posibles relevos en la estructura de poder iran\u00ed, pese a que no hab\u00eda ocupado cargos de elecci\u00f3n popular ni una posici\u00f3n formal dentro del gobierno. Su designaci\u00f3n lo coloca ahora en el centro del sistema pol\u00edtico y religioso del pa\u00eds, con la autoridad final sobre los asuntos de Estado, las fuerzas armadas y la Guardia Revolucionaria.<\/p>\n\n\n\n<p>El anuncio se produjo despu\u00e9s de se\u00f1ales de divisi\u00f3n entre funcionarios iran\u00edes y mientras crec\u00eda la expectativa sobre la decisi\u00f3n de la Asamblea de Expertos , el \u00f3rgano clerical encargado de elegir al l\u00edder supremo. Con esta resoluci\u00f3n, Ir\u00e1n concret\u00f3 apenas la segunda transferencia de poder en ese cargo desde la Revoluci\u00f3n Isl\u00e1mica de 1979.<\/p>\n\n\n\n<p>La llegada de Mojtaba Khamenei al m\u00e1ximo puesto del pa\u00eds ocurre en un contexto de guerra regional, luego de que la muerte de su padre detonara una nueva fase de confrontaci\u00f3n. Adem\u00e1s de asumir el mando pol\u00edtico y militar, el nuevo l\u00edder queda al frente de decisiones estrat\u00e9gicas de enorme peso para el futuro iran\u00ed.<\/p>\n\n\n\n<p>La designaci\u00f3n tambi\u00e9n provoc\u00f3 reacciones internacionales. Desde Estados Unidos surgieron cuestionamientos directos hacia su nombramiento, mientras en Medio Oriente crece la tensi\u00f3n por los ataques cruzados, el aumento de v\u00edctimas civiles y el impacto del conflicto sobre infraestructura estrat\u00e9gica en varios pa\u00edses de la regi\u00f3n.<\/p>\n\n\n\n<p>En paralelo, la guerra ha profundizado la crisis humanitaria y pol\u00edtica en varios frentes. Los combates y bombardeos han dejado muertos y heridos en Ir\u00e1n, L\u00edbano, Israel y otros pa\u00edses del Golfo, al tiempo que millas de personas han sido desplazadas y se han multiplicado las advertencias por da\u00f1os a instalaciones energ\u00e9ticas y civiles.<\/p>\n","protected":false},"excerpt":{"rendered":"<p>Dub\u00e1i, Emiratos \u00c1rabes Unidos.- Mojtaba Khamenei , hijo del fallecido l\u00edder supremo de Ir\u00e1n, fue nombrado como su sucesor, de acuerdo con reportes difundidos por la televisi\u00f3n estatal iran\u00ed, en medio de la crisis abierta tras la muerte de su padre y la escalada militar que sacude a la regi\u00f3n. Mojtaba hab\u00eda sido mencionado desde [&hellip;]<\/p>\n","protected":false},"author":1,"featured_media":78562,"comment_status":"open","ping_status":"open","sticky":false,"template":"","format":"standard","meta":{"om_disable_all_campaigns":false,"_monsterinsights_skip_tracking":false,"_monsterinsights_sitenote_active":false,"_monsterinsights_sitenote_note":"","_monsterinsights_sitenote_category":0,"footnotes":""},"categories":[183],"tags":[],"class_list":["post-78561","post","type-post","status-publish","format-standard","has-post-thumbnail","hentry","category-internacional"],"amp_enabled":true,"_links":{"self":[{"href":"https:\/\/lahora.mx\/index.php\/wp-json\/wp\/v2\/posts\/78561","targetHints":{"allow":["GET"]}}],"collection":[{"href":"https:\/\/lahora.mx\/index.php\/wp-json\/wp\/v2\/posts"}],"about":[{"href":"https:\/\/lahora.mx\/index.php\/wp-json\/wp\/v2\/types\/post"}],"author":[{"embeddable":true,"href":"https:\/\/lahora.mx\/index.php\/wp-json\/wp\/v2\/users\/1"}],"replies":[{"embeddable":true,"href":"https:\/\/lahora.mx\/index.php\/wp-json\/wp\/v2\/comments?post=78561"}],"version-history":[{"count":1,"href":"https:\/\/lahora.mx\/index.php\/wp-json\/wp\/v2\/posts\/78561\/revisions"}],"predecessor-version":[{"id":78563,"href":"https:\/\/lahora.mx\/index.php\/wp-json\/wp\/v2\/posts\/78561\/revisions\/78563"}],"wp:featuredmedia":[{"embeddable":true,"href":"https:\/\/lahora.mx\/index.php\/wp-json\/wp\/v2\/media\/78562"}],"wp:attachment":[{"href":"https:\/\/lahora.mx\/index.php\/wp-json\/wp\/v2\/media?parent=78561"}],"wp:term":[{"taxonomy":"category","embeddable":true,"href":"https:\/\/lahora.mx\/index.php\/wp-json\/wp\/v2\/categories?post=78561"},{"taxonomy":"post_tag","embeddable":true,"href":"https:\/\/lahora.mx\/index.php\/wp-json\/wp\/v2\/tags?post=78561"}],"curies":[{"name":"wp","href":"https:\/\/api.w.org\/{rel}","templated":true}]}}