{"id":78558,"date":"2026-03-09T00:09:14","date_gmt":"2026-03-09T00:09:14","guid":{"rendered":"https:\/\/lahora.mx\/?p=78558"},"modified":"2026-03-09T00:09:15","modified_gmt":"2026-03-09T00:09:15","slug":"vinculan-a-proceso-a-karina-n-exfuncionaria-de-monterrey","status":"publish","type":"post","link":"https:\/\/lahora.mx\/index.php\/2026\/03\/09\/vinculan-a-proceso-a-karina-n-exfuncionaria-de-monterrey\/","title":{"rendered":"Vinculan a proceso a Karina N, exfuncionaria de Monterrey"},"content":{"rendered":"\n<p>La secretaria de Desarrollo Humano e Igualdad Sustantiva del municipio de Monterrey, Nuevo Le\u00f3n, Karina \u201cN\u201d, fue vinculada a proceso el pasado s\u00e1bado siete de marzo de 2026.<\/p>\n\n\n\n<p>Cabe destacar que la exfuncionaria municipal es se\u00f1alada por los delitos de extorsi\u00f3n y falsedad de declaraciones en contra de Waldo Fern\u00e1ndez, despu\u00e9s de los hechos registrados cuando ambos compet\u00edan por el esca\u00f1o en el senado de la Rep\u00fablica durante las elecciones de 2024.<br>Es as\u00ed que la audiencia de vinculaci\u00f3n tuvo una duraci\u00f3n cercana a las siete horas, donde se presentaron cuatro recesos, uno de ellos para brindar atenci\u00f3n m\u00e9dica a Karina \u201cN\u201d, quien present\u00f3 malestares f\u00edsicos.<\/p>\n\n\n\n<p>Karina \u201cN\u201d permanece en el Centro de Reinserci\u00f3n Social Femenil, instalaci\u00f3n penitenciaria ubicada en Escobedo, tambi\u00e9n en Nuevo Le\u00f3n, fue detenida el pasado primero de marzo por gentes de la Fiscal\u00eda General de la Rep\u00fablica (FGR) en la colonia Mezquital, ubicada en el municipio de San Nicol\u00e1s de los Garza.<\/p>\n\n\n\n<p>Junto a la exfuncionaria municipal, tambi\u00e9n fueron vinculados a proceso bajo los mismos cargos:<\/p>\n\n\n\n<p>Gustavo \u201cN\u201d, abogado vinculado al caso, quien fue trasladado al penal de Apodaca<\/p>\n\n\n\n<p>Deborah \u201cN\u201d, presunta c\u00f3mplice en la fabricaci\u00f3n de los hechos<\/p>\n","protected":false},"excerpt":{"rendered":"<p>La secretaria de Desarrollo Humano e Igualdad Sustantiva del municipio de Monterrey, Nuevo Le\u00f3n, Karina \u201cN\u201d, fue vinculada a proceso el pasado s\u00e1bado siete de marzo de 2026. Cabe destacar que la exfuncionaria municipal es se\u00f1alada por los delitos de extorsi\u00f3n y falsedad de declaraciones en contra de Waldo Fern\u00e1ndez, despu\u00e9s de los hechos registrados [&hellip;]<\/p>\n","protected":false},"author":1,"featured_media":78559,"comment_status":"open","ping_status":"open","sticky":false,"template":"","format":"standard","meta":{"om_disable_all_campaigns":false,"_monsterinsights_skip_tracking":false,"_monsterinsights_sitenote_active":false,"_monsterinsights_sitenote_note":"","_monsterinsights_sitenote_category":0,"footnotes":""},"categories":[226],"tags":[],"class_list":["post-78558","post","type-post","status-publish","format-standard","has-post-thumbnail","hentry","category-policia"],"amp_enabled":true,"_links":{"self":[{"href":"https:\/\/lahora.mx\/index.php\/wp-json\/wp\/v2\/posts\/78558","targetHints":{"allow":["GET"]}}],"collection":[{"href":"https:\/\/lahora.mx\/index.php\/wp-json\/wp\/v2\/posts"}],"about":[{"href":"https:\/\/lahora.mx\/index.php\/wp-json\/wp\/v2\/types\/post"}],"author":[{"embeddable":true,"href":"https:\/\/lahora.mx\/index.php\/wp-json\/wp\/v2\/users\/1"}],"replies":[{"embeddable":true,"href":"https:\/\/lahora.mx\/index.php\/wp-json\/wp\/v2\/comments?post=78558"}],"version-history":[{"count":1,"href":"https:\/\/lahora.mx\/index.php\/wp-json\/wp\/v2\/posts\/78558\/revisions"}],"predecessor-version":[{"id":78560,"href":"https:\/\/lahora.mx\/index.php\/wp-json\/wp\/v2\/posts\/78558\/revisions\/78560"}],"wp:featuredmedia":[{"embeddable":true,"href":"https:\/\/lahora.mx\/index.php\/wp-json\/wp\/v2\/media\/78559"}],"wp:attachment":[{"href":"https:\/\/lahora.mx\/index.php\/wp-json\/wp\/v2\/media?parent=78558"}],"wp:term":[{"taxonomy":"category","embeddable":true,"href":"https:\/\/lahora.mx\/index.php\/wp-json\/wp\/v2\/categories?post=78558"},{"taxonomy":"post_tag","embeddable":true,"href":"https:\/\/lahora.mx\/index.php\/wp-json\/wp\/v2\/tags?post=78558"}],"curies":[{"name":"wp","href":"https:\/\/api.w.org\/{rel}","templated":true}]}}