{"id":78554,"date":"2026-03-08T22:25:25","date_gmt":"2026-03-08T22:25:25","guid":{"rendered":"https:\/\/lahora.mx\/?p=78554"},"modified":"2026-03-08T22:25:25","modified_gmt":"2026-03-08T22:25:25","slug":"mujeres-tomaron-las-calles-de-la-cdmx-en-el-8m-con-demandas-de-justicia-e-igualdad","status":"publish","type":"post","link":"https:\/\/lahora.mx\/index.php\/2026\/03\/08\/mujeres-tomaron-las-calles-de-la-cdmx-en-el-8m-con-demandas-de-justicia-e-igualdad\/","title":{"rendered":"Mujeres tomaron las calles de la CDMX en el 8M con demandas de justicia e igualdad"},"content":{"rendered":"\n<p>En el marco del D\u00eda Internacional de la Mujer , miles de mujeres salieron este domingo a las calles de la capital del pa\u00eds para participar en la marcha del 8M , una de las movilizaciones m\u00e1s numerosas del a\u00f1o, con demandas centradas en la igualdad , la justicia y el fin de la violencia de g\u00e9nero .<\/p>\n\n\n\n<p>Desde la ma\u00f1ana, los contingentes comenzaron a concentrarse en distintos puntos de la ciudad, entre ellos el Monumento a la Revoluci\u00f3n y la Glorieta de las Mujeres que Luchan , para despu\u00e9s avanzar hacia el Z\u00f3calo capitalino. La movilizaci\u00f3n principal arranc\u00f3 alrededor del mediod\u00eda y, conforme pasaron las horas, los primeros grupos comenzaron a llegar a la zona de Bellas Artes ya la avenida Ju\u00e1rez , donde el avance se volvi\u00f3 lento debido a la alta participaci\u00f3n.<br>Durante el recorrido se hicieron presentes m\u00faltiples colectivos y grupos de mujeres con diversas expresiones de protesta. En el trayecto se escucharon consignas feministas, entre ellas frases como \u201cAm\u00e9rica Latina ser\u00e1 toda feminista\u201d y \u201cEl que no salte es macho\u201d , adem\u00e1s de canciones vinculadas al movimiento, como \u201cSin Miedo\u201d .<\/p>\n\n\n\n<p>Entre los contingentes que participaron destacaron agrupaciones como Marea Verde , que avanzaron con m\u00fasica y baile sobre Paseo de la Reforma , as\u00ed como la Red de Maternidades Feministas , cuyos integrantes marcharon acompa\u00f1adas de ni\u00f1as y ni\u00f1os con mensajes como \u201cInfancias marchando tambi\u00e9n est\u00e1n luchando\u201d . Tambi\u00e9n se observar\u00e1 la participaci\u00f3n de mujeres en patines , patineta y bicicleta , sum\u00e1ndose al recorrido rumbo al centro de la ciudad.<\/p>\n\n\n\n<p>La jornada tambi\u00e9n dej\u00f3 escenas simb\u00f3licas, como la presencia de una ni\u00f1a vestida de princesa y acompa\u00f1ada por una mujer caracterizada como Blancanieves, ambas con carteles en los que exig\u00edan seguridad , igualdad , justicia y protecci\u00f3n para todas las mujeres en M\u00e9xico.<\/p>\n\n\n\n<p>Durante la marcha se presentaron adem\u00e1s pancartas con mensajes dirigidos al presidente de Estados Unidos, Donald Trump . Entre los lemas visibles destac\u00f3 uno que vincul\u00f3 la protesta feminista con la defensa de los derechos de las personas migrantes.<\/p>\n\n\n\n<p>En algunos puntos del trayecto se reportaron pintas realizadas por manifestantes encapuchadas sobre protecciones colocadas en fachadas de comercios a lo largo de la avenida Ju\u00e1rez . Paralelamente, en Cuernavaca, Morelos , tambi\u00e9n se realizaron movilizaciones por el 8M. Ah\u00ed, estudiantes, colectivas feministas, familiares de personas desaparecidas y ciudadanos se sumaron a una marcha que sali\u00f3 desde la universidad estatal y avanz\u00f3 hacia el centro de la ciudad.<\/p>\n\n\n\n<p>En esa protesta en Morelos, los participantes exigieron justicia por Kimberly y Karol , estudiantes desaparecidas y posteriormente asesinadas. M\u00e1s tarde, tras el pronunciamiento final, integrantes del llamado bloque negro intentaron retirar las vallas colocadas en torno al Palacio de Gobierno , adem\u00e1s de realizar pintas y vandalizar la estatua de Emiliano Zapata . Seg\u00fan los informes, no lograron derribar las estructuras y en algunos momentos intentaron prenderles fuego.<\/p>\n\n\n\n<p>En la Ciudad de M\u00e9xico, la marcha fue resguardada por mujeres polic\u00edas con equipo antimotines desplegadas en inmediaciones del Monumento a la Revoluci\u00f3n y otros puntos estrat\u00e9gicos del recorrido. Debido a la movilizaci\u00f3n, se registraron cierres viales y afectaciones en avenidas como Paseo de la Reforma , avenida Ju\u00e1rez , Eje Central y 5 de Mayo , adem\u00e1s de las calles del primer cuadro de la capital.<\/p>\n\n\n\n<p>La jornada del 8M volvi\u00f3 a mostrar la fuerza de una movilizaci\u00f3n diversa, multitudinaria y atravesada por m\u00faltiples causas, desde la denuncia de la violencia feminicida hasta la defensa de los derechos reproductivos, la igualdad salarial, la protecci\u00f3n de las infancias y la exigencia de justicia para v\u00edctimas de desaparici\u00f3n y asesinato.<\/p>\n","protected":false},"excerpt":{"rendered":"<p>En el marco del D\u00eda Internacional de la Mujer , miles de mujeres salieron este domingo a las calles de la capital del pa\u00eds para participar en la marcha del 8M , una de las movilizaciones m\u00e1s numerosas del a\u00f1o, con demandas centradas en la igualdad , la justicia y el fin de la violencia [&hellip;]<\/p>\n","protected":false},"author":1,"featured_media":78556,"comment_status":"open","ping_status":"open","sticky":false,"template":"","format":"standard","meta":{"om_disable_all_campaigns":false,"_monsterinsights_skip_tracking":false,"_monsterinsights_sitenote_active":false,"_monsterinsights_sitenote_note":"","_monsterinsights_sitenote_category":0,"footnotes":""},"categories":[176],"tags":[195],"class_list":["post-78554","post","type-post","status-publish","format-standard","has-post-thumbnail","hentry","category-nacional","tag-principal"],"amp_enabled":true,"_links":{"self":[{"href":"https:\/\/lahora.mx\/index.php\/wp-json\/wp\/v2\/posts\/78554","targetHints":{"allow":["GET"]}}],"collection":[{"href":"https:\/\/lahora.mx\/index.php\/wp-json\/wp\/v2\/posts"}],"about":[{"href":"https:\/\/lahora.mx\/index.php\/wp-json\/wp\/v2\/types\/post"}],"author":[{"embeddable":true,"href":"https:\/\/lahora.mx\/index.php\/wp-json\/wp\/v2\/users\/1"}],"replies":[{"embeddable":true,"href":"https:\/\/lahora.mx\/index.php\/wp-json\/wp\/v2\/comments?post=78554"}],"version-history":[{"count":1,"href":"https:\/\/lahora.mx\/index.php\/wp-json\/wp\/v2\/posts\/78554\/revisions"}],"predecessor-version":[{"id":78557,"href":"https:\/\/lahora.mx\/index.php\/wp-json\/wp\/v2\/posts\/78554\/revisions\/78557"}],"wp:featuredmedia":[{"embeddable":true,"href":"https:\/\/lahora.mx\/index.php\/wp-json\/wp\/v2\/media\/78556"}],"wp:attachment":[{"href":"https:\/\/lahora.mx\/index.php\/wp-json\/wp\/v2\/media?parent=78554"}],"wp:term":[{"taxonomy":"category","embeddable":true,"href":"https:\/\/lahora.mx\/index.php\/wp-json\/wp\/v2\/categories?post=78554"},{"taxonomy":"post_tag","embeddable":true,"href":"https:\/\/lahora.mx\/index.php\/wp-json\/wp\/v2\/tags?post=78554"}],"curies":[{"name":"wp","href":"https:\/\/api.w.org\/{rel}","templated":true}]}}