{"id":78545,"date":"2026-03-08T21:36:37","date_gmt":"2026-03-08T21:36:37","guid":{"rendered":"https:\/\/lahora.mx\/?p=78545"},"modified":"2026-03-08T21:36:38","modified_gmt":"2026-03-08T21:36:38","slug":"sheinbaum-reconoce-a-mujeres-de-las-fuerzas-armadas-en-conmemoracion-del-8m","status":"publish","type":"post","link":"https:\/\/lahora.mx\/index.php\/2026\/03\/08\/sheinbaum-reconoce-a-mujeres-de-las-fuerzas-armadas-en-conmemoracion-del-8m\/","title":{"rendered":"Sheinbaum reconoce a mujeres de las Fuerzas Armadas en conmemoraci\u00f3n del 8M"},"content":{"rendered":"\n<p>La presidenta Claudia Sheinbaum encabez\u00f3 este domingo la conmemoraci\u00f3n del D\u00eda Internacional de la Mujer en el Campo Deportivo Militar Marte, donde reconoci\u00f3 la labor de las mujeres que integran las Fuerzas Armadas y sostuvo que marzo estar\u00e1 dedicado a visibilizar a las mujeres y sus derechos.<\/p>\n\n\n\n<p>Acompa\u00f1ada por los titulares de la Defensa Nacional y de Marina , la mandataria particip\u00f3 en una ceremonia en la que se reunieron cientos de mujeres de la Sedena , la Semar y la Guardia Nacional , quienes permanecieron formadas con armamento y equipo t\u00e1ctico durante cerca de dos horas.<br>Ante funcionarias, mujeres militares en retiro, integrantes de su gabinete, representantes del Poder Legislativo y el presidente de la Suprema Corte, Sheinbaum afirm\u00f3 que durante marzo se reconocer\u00e1 a mujeres de distintos \u00e1mbitos, entre ellas la medicina, la ciencia, las f\u00e1bricas, el campo, la ciudad, el trabajo del hogar y su papel en la historia del pa\u00eds.<\/p>\n\n\n\n<p>La presidenta se\u00f1al\u00f3 que para erradicar la discriminaci\u00f3n y la violencia contra las mujeres es necesario comenzar por reconocer su presencia en la historia, en los espacios laborales y en el hogar, con el fin de que se asuma plenamente la igualdad .<\/p>\n\n\n\n<p>Durante su mensaje, Sheinbaum rindi\u00f3 homenaje a las mujeres del Ej\u00e9rcito , la Marina y la Guardia Nacional , y record\u00f3 que hace algunas d\u00e9cadas su presencia en las instituciones castrenses parec\u00eda impensable. Sin embargo, mantendr\u00e1 que con el tiempo hayan demostrado su capacidad para desempe\u00f1ar esas tareas con vocaci\u00f3n de servicio.<\/p>\n\n\n\n<p>La mandataria agreg\u00f3 que este reconocimiento debe ir acompa\u00f1ado del compromiso de seguir construyendo instituciones m\u00e1s justas, incluyentes y libres de discriminaci\u00f3n y violencia. Tambi\u00e9n retom\u00f3 la frase \u201c hasta que la dignidad se haga costumbre \u201d para subrayar la necesidad de que ninguna mujer tenga que demostrar dos veces su capacidad para ocupar un espacio que le corresponde.<\/p>\n\n\n\n<p>Como parte del acto, Sheinbaum encabez\u00f3 la entrega de condecoraciones a 40 mujeres militares y marinas , as\u00ed como a 20 ciudadanas .<\/p>\n\n\n\n<p>En su intervenci\u00f3n, el secretario de la Defensa reconoci\u00f3 a la presidenta como una mujer que rompi\u00f3 paradigmas al convertirse en la primera mujer en asumir la Presidencia de M\u00e9xico y, con ello, en la Comandanta Suprema de las Fuerzas Armadas . Afirm\u00f3 que su llegada representa un hito que inspira a las nuevas generaciones.<\/p>\n\n\n\n<p>Tambi\u00e9n destac\u00f3 el trabajo de las mujeres en distintos \u00e1mbitos de la vida nacional, en especial de aquellas que sostienen a sus familias desde sus hogares, en el campo y en las ciudades.<\/p>\n\n\n\n<p>De acuerdo con las cifras dadas a conocer durante la ceremonia, en la Sedena y la Guardia Nacional colaboran 42 mil 600 mujeres , de las cuales 7 mil se incorporaron durante el actual gobierno. Adem\u00e1s, en el \u00faltimo ciclo escolar se graduaron mil 560 mujeres de escuelas militares.<\/p>\n\n\n\n<p>En el caso de la Marina , se inform\u00f3 que hay 22 mil mujeres , equivalentes al 26 por ciento del personal naval, civil y mercantil. De ese total, cinco alcanzaron el grado de Contralmirante , en un avance que fue presentado como reflejo de mayores oportunidades y del reconocimiento al m\u00e9rito, la preparaci\u00f3n y la trayectoria profesional.<\/p>\n\n\n\n<p>Seg\u00fan lo expuesto, las mujeres participan en \u00e1reas operativas , administrativas , cient\u00edficas y t\u00e9cnicas , con presencia en labores en el mar, en el aire y en tierra, adem\u00e1s de campos como la ingenier\u00eda , la salud , la investigaci\u00f3n cient\u00edfica , la tecnolog\u00eda , la justicia , la meteorolog\u00eda , la oceanograf\u00eda y distintos puestos de mando.<\/p>\n","protected":false},"excerpt":{"rendered":"<p>La presidenta Claudia Sheinbaum encabez\u00f3 este domingo la conmemoraci\u00f3n del D\u00eda Internacional de la Mujer en el Campo Deportivo Militar Marte, donde reconoci\u00f3 la labor de las mujeres que integran las Fuerzas Armadas y sostuvo que marzo estar\u00e1 dedicado a visibilizar a las mujeres y sus derechos. Acompa\u00f1ada por los titulares de la Defensa Nacional [&hellip;]<\/p>\n","protected":false},"author":1,"featured_media":78546,"comment_status":"open","ping_status":"open","sticky":false,"template":"","format":"standard","meta":{"om_disable_all_campaigns":false,"_monsterinsights_skip_tracking":false,"_monsterinsights_sitenote_active":false,"_monsterinsights_sitenote_note":"","_monsterinsights_sitenote_category":0,"footnotes":""},"categories":[176],"tags":[],"class_list":["post-78545","post","type-post","status-publish","format-standard","has-post-thumbnail","hentry","category-nacional"],"amp_enabled":true,"_links":{"self":[{"href":"https:\/\/lahora.mx\/index.php\/wp-json\/wp\/v2\/posts\/78545","targetHints":{"allow":["GET"]}}],"collection":[{"href":"https:\/\/lahora.mx\/index.php\/wp-json\/wp\/v2\/posts"}],"about":[{"href":"https:\/\/lahora.mx\/index.php\/wp-json\/wp\/v2\/types\/post"}],"author":[{"embeddable":true,"href":"https:\/\/lahora.mx\/index.php\/wp-json\/wp\/v2\/users\/1"}],"replies":[{"embeddable":true,"href":"https:\/\/lahora.mx\/index.php\/wp-json\/wp\/v2\/comments?post=78545"}],"version-history":[{"count":1,"href":"https:\/\/lahora.mx\/index.php\/wp-json\/wp\/v2\/posts\/78545\/revisions"}],"predecessor-version":[{"id":78547,"href":"https:\/\/lahora.mx\/index.php\/wp-json\/wp\/v2\/posts\/78545\/revisions\/78547"}],"wp:featuredmedia":[{"embeddable":true,"href":"https:\/\/lahora.mx\/index.php\/wp-json\/wp\/v2\/media\/78546"}],"wp:attachment":[{"href":"https:\/\/lahora.mx\/index.php\/wp-json\/wp\/v2\/media?parent=78545"}],"wp:term":[{"taxonomy":"category","embeddable":true,"href":"https:\/\/lahora.mx\/index.php\/wp-json\/wp\/v2\/categories?post=78545"},{"taxonomy":"post_tag","embeddable":true,"href":"https:\/\/lahora.mx\/index.php\/wp-json\/wp\/v2\/tags?post=78545"}],"curies":[{"name":"wp","href":"https:\/\/api.w.org\/{rel}","templated":true}]}}