{"id":78539,"date":"2026-03-08T20:52:20","date_gmt":"2026-03-08T20:52:20","guid":{"rendered":"https:\/\/lahora.mx\/?p=78539"},"modified":"2026-03-08T20:52:21","modified_gmt":"2026-03-08T20:52:21","slug":"obispo-auxiliar-ora-por-mujeres-desaparecidas-durante-misa-del-8m-en-la-catedral-de-puebla","status":"publish","type":"post","link":"https:\/\/lahora.mx\/index.php\/2026\/03\/08\/obispo-auxiliar-ora-por-mujeres-desaparecidas-durante-misa-del-8m-en-la-catedral-de-puebla\/","title":{"rendered":"Obispo auxiliar ora por mujeres desaparecidas durante misa del 8M en la Catedral de Puebla"},"content":{"rendered":"\n<p>En el marco del 8 de marzo de 2026, el obispo auxiliar de la Arquidi\u00f3cesis de Puebla, Tom\u00e1s L\u00f3pez Dur\u00e1n, acompa\u00f1\u00f3 al colectivo Voz de los Desaparecidos en Puebla durante la misa dominical celebrada en la Catedral de Puebla.<\/p>\n\n\n\n<p>Durante la ceremonia religiosa, el prelado expres\u00f3 su solidaridad con las madres buscadoras y familiares de mujeres desaparecidas, quienes acudieron al templo para orar por sus seres queridos en el contexto de la conmemoraci\u00f3n del D\u00eda Internacional de la Mujer.<br>\u201cNos entristece y rogamos al Se\u00f1or por ellas\u201d, expres\u00f3 el obispo auxiliar al referirse a las mujeres que permanecen desaparecidas, al tiempo que se\u00f1al\u00f3 que la comunidad cat\u00f3lica se une en oraci\u00f3n por ellas y por sus familias.<\/p>\n\n\n\n<p>En su mensaje, tambi\u00e9n destac\u00f3 la presencia de las madres buscadoras durante la celebraci\u00f3n eucar\u00edstica y agradeci\u00f3 el acompa\u00f1amiento de los medios de comunicaci\u00f3n y reporteros que difundieron la misa dominical y el mensaje dirigido a la comunidad.<\/p>\n","protected":false},"excerpt":{"rendered":"<p>En el marco del 8 de marzo de 2026, el obispo auxiliar de la Arquidi\u00f3cesis de Puebla, Tom\u00e1s L\u00f3pez Dur\u00e1n, acompa\u00f1\u00f3 al colectivo Voz de los Desaparecidos en Puebla durante la misa dominical celebrada en la Catedral de Puebla. Durante la ceremonia religiosa, el prelado expres\u00f3 su solidaridad con las madres buscadoras y familiares de [&hellip;]<\/p>\n","protected":false},"author":1,"featured_media":78540,"comment_status":"open","ping_status":"open","sticky":false,"template":"","format":"standard","meta":{"om_disable_all_campaigns":false,"_monsterinsights_skip_tracking":false,"_monsterinsights_sitenote_active":false,"_monsterinsights_sitenote_note":"","_monsterinsights_sitenote_category":0,"footnotes":""},"categories":[3],"tags":[],"class_list":["post-78539","post","type-post","status-publish","format-standard","has-post-thumbnail","hentry","category-entretenimiento"],"amp_enabled":true,"_links":{"self":[{"href":"https:\/\/lahora.mx\/index.php\/wp-json\/wp\/v2\/posts\/78539","targetHints":{"allow":["GET"]}}],"collection":[{"href":"https:\/\/lahora.mx\/index.php\/wp-json\/wp\/v2\/posts"}],"about":[{"href":"https:\/\/lahora.mx\/index.php\/wp-json\/wp\/v2\/types\/post"}],"author":[{"embeddable":true,"href":"https:\/\/lahora.mx\/index.php\/wp-json\/wp\/v2\/users\/1"}],"replies":[{"embeddable":true,"href":"https:\/\/lahora.mx\/index.php\/wp-json\/wp\/v2\/comments?post=78539"}],"version-history":[{"count":1,"href":"https:\/\/lahora.mx\/index.php\/wp-json\/wp\/v2\/posts\/78539\/revisions"}],"predecessor-version":[{"id":78541,"href":"https:\/\/lahora.mx\/index.php\/wp-json\/wp\/v2\/posts\/78539\/revisions\/78541"}],"wp:featuredmedia":[{"embeddable":true,"href":"https:\/\/lahora.mx\/index.php\/wp-json\/wp\/v2\/media\/78540"}],"wp:attachment":[{"href":"https:\/\/lahora.mx\/index.php\/wp-json\/wp\/v2\/media?parent=78539"}],"wp:term":[{"taxonomy":"category","embeddable":true,"href":"https:\/\/lahora.mx\/index.php\/wp-json\/wp\/v2\/categories?post=78539"},{"taxonomy":"post_tag","embeddable":true,"href":"https:\/\/lahora.mx\/index.php\/wp-json\/wp\/v2\/tags?post=78539"}],"curies":[{"name":"wp","href":"https:\/\/api.w.org\/{rel}","templated":true}]}}