{"id":78530,"date":"2026-03-08T17:42:20","date_gmt":"2026-03-08T17:42:20","guid":{"rendered":"https:\/\/lahora.mx\/?p=78530"},"modified":"2026-03-08T17:42:21","modified_gmt":"2026-03-08T17:42:21","slug":"frente-a-trump-sheinbaum-es-prudente-porque-tiene-memoria-historica-del-dolor","status":"publish","type":"post","link":"https:\/\/lahora.mx\/index.php\/2026\/03\/08\/frente-a-trump-sheinbaum-es-prudente-porque-tiene-memoria-historica-del-dolor\/","title":{"rendered":"Frente a Trump, Sheinbaum es prudente porque tiene memoria hist\u00f3rica del dolor"},"content":{"rendered":"\n<p>Despu\u00e9s de m\u00e1s de cuatro d\u00e9cadas, la sociedad francesa ya tiene un ciclista. Es decir, uno con capacidad real de ganar su gran competencia, el Tour de Francia: Paul Seixas, quien ayer, a sus 19 a\u00f1os de edad, dio la gran batalla a Tadej Poga\u010dar en la Strade Bianche. Si no lo hubiese estorbado legalmente el mexicano Isaac del Toro, quien bloque\u00f3 a Seixas cuando Poga\u010dar se escap\u00f3 faltando unos 80 kil\u00f3metros para la meta, quiz\u00e1 el franc\u00e9s habr\u00eda logrado algo m\u00e1s que el segundo lugar.<\/p>\n\n\n\n<p>Impresionante el casi adolescente: pedale\u00f3 en solitario much\u00edsimos kil\u00f3metros persiguiendo a Poga\u010dar. Del Toro en todo momento estuvo a su rueda protegi\u00e9ndose del viento. A pesar de esto, Seixas, en la \u00faltima subida, dej\u00f3 atr\u00e1s al oriundo de Ensenada.<br>Adem\u00e1s de su fortaleza y su capacidad para subir cuestas muy pronunciadas \u2014que no son superiores a las de Del Toro\u2014, una de las razones que explican que Seixas haya podido dejar atr\u00e1s al mexicano en los \u00faltimos y dificil\u00edsimos metros de la carrera radica en la memoria del dolor.<\/p>\n\n\n\n<p>Es decir, en la falta de memoria del dolor. A los 19 a\u00f1os, con muy pocas carreras profesionales en su biograf\u00eda, Seixas no ha sufrido lo suficiente en las altas monta\u00f1as de Europa. Del Toro, tres a\u00f1os mayor, ya ha padecido la dureza del ciclismo.<\/p>\n\n\n\n<p>La memoria del dolor en el deporte de \u00e9lite no tiene que ver con lesiones. Se trata, m\u00e1s bien, de un mecanismo de defensa psicol\u00f3gico y neurol\u00f3gico: es la forma en que el cerebro registra el sufrimiento extremo de esfuerzos pasados para intentar evitar que el cuerpo llegue de nuevo a esos l\u00edmites.<\/p>\n\n\n\n<p>Ning\u00fan deporte es m\u00e1s exigente con el cuerpo humano que el ciclismo de ruta. En la fisiolog\u00eda deportiva se dice que el cerebro act\u00faa como el jefe de jefes de todo el organismo. Esta tesis la propuso el doctor Tim Noakes.<\/p>\n\n\n\n<p>Los ciclistas con m\u00e1s experiencia ya conocen el infierno y sus cerebros activan las alarmas de protecci\u00f3n. Es lo que le pudo haber ocurrido al mexicano Isaac Torito del Toro. El franc\u00e9s Paul Seixas, novato, no record\u00f3 que pod\u00eda hacerse da\u00f1o con el esfuerzo y realiz\u00f3 un empuje extra que podr\u00eda pasarle factura en pr\u00f3ximas carreras.<\/p>\n\n\n\n<p>Frente a la nueva ofensiva de Donald Trump, la mayor fortaleza de Claudia Sheinbaum no reside \u00fanicamente en la diplomacia, sino en la memoria del dolor acumulada por el Estado mexicano en numerosos episodios de agresiones recibidas desde EEUU.<\/p>\n\n\n\n<p>Al igual que el ciclista que ha superado los puertos de monta\u00f1a m\u00e1s duros de Europa, la mandataria encabeza una naci\u00f3n cuya fisiolog\u00eda pol\u00edtica ha sido moldeada por el sufrimiento brutal de crisis pasadas, lo que le permite procesar la amenaza externa sin caer en bravuconadas que provoquen un fallo sist\u00e9mico. Esta memoria del dolor nacional obliga a la presidenta Sheinbaum a no engancharse ante cada provocaci\u00f3n del presidente Trump.<\/p>\n\n\n\n<p>La memoria del dolor de la patria mexicana, registrada en nuestra historia, es el principal mecanismo de defensa que evita que el gobierno de Sheinbaum se paralice ante el p\u00e1nico o se vaya de bruces entrando a peleas imposibles de ganar. Esto le permite dosificar el esfuerzo y resistir el embate de EEUU con una sangre fr\u00eda que solo la estrategia basada en el conocimiento de la historia puede otorgar. Mientras otras personas \u2014en la oposici\u00f3n o en la comentocracia\u2014 ven una zona de peligro o a una presidenta acorralada, la experiencia hist\u00f3rica de M\u00e9xico le dicta a la mandataria que el cuerpo pol\u00edtico tiene margen para superar cualquier crisis si se act\u00faa con la cl\u00e1sica serenidad y paciencia de Kalim\u00e1n.<\/p>\n\n\n\n<p>La respuesta de Claudia Sheinbaum a la cumbre Escudo de las Am\u00e9ricas en Miami, y a las provocaciones de Donald Trump en tal evento, revela un manejo estrat\u00e9gico de la memoria del dolor que evitar\u00e1 problemas mayores.<\/p>\n\n\n\n<p>Ayer, 7 de marzo de 2026, tras recibir comentarios de Trump que oscilaban entre el halago y la acusaci\u00f3n institucional, Sheinbaum respondi\u00f3 pidiendo cabeza fr\u00eda. No entr\u00f3 a la batalla, sino que prefiri\u00f3 pensar las cosas varias veces antes de fijar la posici\u00f3n de M\u00e9xico.<\/p>\n\n\n\n<p>En el ciclismo, el corredor bloquea la se\u00f1al de fatiga para no entrar en p\u00e1nico y quemar sus energ\u00edas antes de tiempo. En la relaci\u00f3n bilateral, Sheinbaum est\u00e1 bloqueando la imprudente se\u00f1al de indignaci\u00f3n que parte del sistema pol\u00edtico mexicano \u2014la oposici\u00f3n, los medios\u2014 le exige emitir. Al retrasar su respuesta oficial al lunes, est\u00e1 poniendo en marcha el mecanismo de defensa; es decir, est\u00e1 diciendo absolutamente no a las reacciones viscerales que Trump busca activar. Ella sabe que una respuesta col\u00e9rica es lo que Trump pretende. No la recibir\u00e1 el presidente de EEUU, no de parte de la presidenta de M\u00e9xico.<\/p>\n\n\n\n<p>Nuestro pa\u00eds tiene una memoria del dolor muy profunda respecto a su relaci\u00f3n con EEUU (intervenciones en siglos anteriores; hoy, aranceles e insultos). Su preparaci\u00f3n hist\u00f3rica le dicta a la presidenta que cualquier reacci\u00f3n de enojo ser\u00eda un peligro de muerte, por lo pronto en el T-MEC.<\/p>\n\n\n\n<p>Sobre el foro regional de Trump con algunos pa\u00edses gobernados por la derecha, la presidenta sabr\u00e1 enviar el mensaje de que M\u00e9xico no necesita validaci\u00f3n en reuniones de gobiernos conservadores para seguir siendo el principal socio comercial de EEUU.<\/p>\n\n\n\n<p>Claudia encontrar\u00e1 palabras para decir: Si no participamos en el Escudo de las Am\u00e9ricas, peor para el Escudo de las Am\u00e9ricas, ya que las naciones que lo integran representan muy poco en t\u00e9rminos de las relaciones comerciales con EEUU, mientras que M\u00e9xico es fundamental para la estabilidad econ\u00f3mica de no pocas regiones del vecino del norte.<\/p>\n\n\n\n<p>Si Trump apuesta a que M\u00e9xico recordar\u00e1 el dolor de las amenazas arancelarias pasadas y ceder\u00e1 en temas de seguridad, se equivoca. Porque lo que s\u00ed recuerda la presidenta Sheinbaum es el dolor m\u00e1s brutal de peores episodios en la historia \u2014EEUU se qued\u00f3 con parte del territorio mexicano\u2014, lo que la llevar\u00e1 a defender con todo, sin pelear a muerte, la soberan\u00eda.<\/p>\n\n\n\n<p>El motor econ\u00f3mico de M\u00e9xico es lo suficientemente fuerte para que el dolor no se convierta en una par\u00e1lisis. Para la diplomacia mexicana, encabezada por el canciller Juan Ram\u00f3n de la Fuente, y para el negociador de los acuerdos comerciales, Marcelo Ebrard, ser\u00e1 f\u00e1cil demostrar que M\u00e9xico es el mejor amigo de EEUU. Se har\u00e1 con datos; esto es, con la frialdad de los n\u00fameros que ubican a M\u00e9xico como el socio indispensable.<\/p>\n\n\n\n<p>Al invitar a 12 l\u00edderes afines (como Milei de Argentina o Kast de Chile) y dejar fuera a M\u00e9xico, Brasil y Colombia, Trump est\u00e1 trazando una l\u00ednea ideol\u00f3gica en el continente. Es su derecho\u2026 o su problema. Al sugerir que los beneficios comerciales son solo para los amigos, Trump busca generar presi\u00f3n interna en M\u00e9xico para que la opini\u00f3n p\u00fablica exija una postura m\u00e1s d\u00f3cil de la presidenta Sheinbaum.<\/p>\n\n\n\n<p>Pero la realidad comercial es el muro con el que topa Donald Trump. Don Quijote dir\u00eda: con los datos hemos topado, presidente Trump. La desproporci\u00f3n comercial es tan masiva que la ret\u00f3rica de amigos de Trump se vuelve econ\u00f3micamente peligrosa para el propio EEUU.<\/p>\n\n\n\n<p>En el terreno de la seguridad, que coordina Omar Garc\u00eda Harfuch, hay resultados tangibles, como la reducci\u00f3n del 50% en las incautaciones de fentanilo en la frontera estadounidense. Por lo tanto, la presidenta rechaza la entrada de tropas extranjeras que tanto le gustar\u00eda a Trump.<\/p>\n\n\n\n<p>Lo m\u00e1s importante no est\u00e1 en los datos de seguridad, sino en los comerciales. Sheinbaum sabe que Trump no puede cortar a M\u00e9xico sin causar serios da\u00f1os econ\u00f3micos en EEUU. Mucho de lo que consumen los estadounidenses depende de que la frontera siga abierta.<\/p>\n\n\n\n<p>Esa es la fortaleza de M\u00e9xico: no somos importantes para EEUU por afinidad ideol\u00f3gica, sino por lo que representamos en t\u00e9rminos de comercio. Dif\u00edcilmente podr\u00e1 Trump excluir a M\u00e9xico del grupo de sus pa\u00edses aliados, porque las empresas estadounidenses exigir\u00e1n que no se afecten sus cadenas de suministro por la falta de coordinaci\u00f3n con el vecino del sur.<\/p>\n\n\n\n<p>Trump no podr\u00e1 frente al dato de 872 mil millones de d\u00f3lares de comercio entre las dos naciones. Sus amigos, todos juntos, apenas representan el 16% de esa cantidad. Ni hablar, la realidad se impondr\u00e1, ya que el 75% de los estados de EEUU dependen de M\u00e9xico para que sus sistemas econ\u00f3micos funcionen.<\/p>\n\n\n\n<p>Posdata uno: Trump ignora que la crisis de seguridad, que con Sheinbaum ya se supera, la gener\u00f3 un gobierno tan conservador como el de sus amigos, el de Felipe Calder\u00f3n. La derecha gobierna mal.<\/p>\n\n\n\n<p><\/p>\n","protected":false},"excerpt":{"rendered":"<p>Despu\u00e9s de m\u00e1s de cuatro d\u00e9cadas, la sociedad francesa ya tiene un ciclista. Es decir, uno con capacidad real de ganar su gran competencia, el Tour de Francia: Paul Seixas, quien ayer, a sus 19 a\u00f1os de edad, dio la gran batalla a Tadej Poga\u010dar en la Strade Bianche. Si no lo hubiese estorbado legalmente [&hellip;]<\/p>\n","protected":false},"author":1,"featured_media":78531,"comment_status":"open","ping_status":"open","sticky":false,"template":"","format":"standard","meta":{"om_disable_all_campaigns":false,"_monsterinsights_skip_tracking":false,"_monsterinsights_sitenote_active":false,"_monsterinsights_sitenote_note":"","_monsterinsights_sitenote_category":0,"footnotes":""},"categories":[176],"tags":[],"class_list":["post-78530","post","type-post","status-publish","format-standard","has-post-thumbnail","hentry","category-nacional"],"amp_enabled":true,"_links":{"self":[{"href":"https:\/\/lahora.mx\/index.php\/wp-json\/wp\/v2\/posts\/78530","targetHints":{"allow":["GET"]}}],"collection":[{"href":"https:\/\/lahora.mx\/index.php\/wp-json\/wp\/v2\/posts"}],"about":[{"href":"https:\/\/lahora.mx\/index.php\/wp-json\/wp\/v2\/types\/post"}],"author":[{"embeddable":true,"href":"https:\/\/lahora.mx\/index.php\/wp-json\/wp\/v2\/users\/1"}],"replies":[{"embeddable":true,"href":"https:\/\/lahora.mx\/index.php\/wp-json\/wp\/v2\/comments?post=78530"}],"version-history":[{"count":1,"href":"https:\/\/lahora.mx\/index.php\/wp-json\/wp\/v2\/posts\/78530\/revisions"}],"predecessor-version":[{"id":78532,"href":"https:\/\/lahora.mx\/index.php\/wp-json\/wp\/v2\/posts\/78530\/revisions\/78532"}],"wp:featuredmedia":[{"embeddable":true,"href":"https:\/\/lahora.mx\/index.php\/wp-json\/wp\/v2\/media\/78531"}],"wp:attachment":[{"href":"https:\/\/lahora.mx\/index.php\/wp-json\/wp\/v2\/media?parent=78530"}],"wp:term":[{"taxonomy":"category","embeddable":true,"href":"https:\/\/lahora.mx\/index.php\/wp-json\/wp\/v2\/categories?post=78530"},{"taxonomy":"post_tag","embeddable":true,"href":"https:\/\/lahora.mx\/index.php\/wp-json\/wp\/v2\/tags?post=78530"}],"curies":[{"name":"wp","href":"https:\/\/api.w.org\/{rel}","templated":true}]}}