{"id":78513,"date":"2026-03-08T04:50:50","date_gmt":"2026-03-08T04:50:50","guid":{"rendered":"https:\/\/lahora.mx\/?p=78513"},"modified":"2026-03-08T04:50:51","modified_gmt":"2026-03-08T04:50:51","slug":"con-jornada-mujeres-imparables-el-ayuntamiento-acerca-servicios-de-salud-y-empoderamiento","status":"publish","type":"post","link":"https:\/\/lahora.mx\/index.php\/2026\/03\/08\/con-jornada-mujeres-imparables-el-ayuntamiento-acerca-servicios-de-salud-y-empoderamiento\/","title":{"rendered":"Con Jornada \u00abMujeres Imparables\u00bb El Ayuntamiento Acerca Servicios de Salud y Empoderamiento"},"content":{"rendered":"\n<p>En el marco del D\u00eda Internacional de la Mujer, el Ayuntamiento de Tlaxcala, que preside Alfonso S\u00e1nchez Garc\u00eda, a trav\u00e9s del Instituto Municipal de la Mujer, llevar\u00e1 a cabo este domingo la jornada \u201cMujeres Imparables\u201d, una iniciativa orientada a fortalecer su bienestar mediante servicios de salud gratuitos y actividades de autocuidado.<\/p>\n\n\n\n<p>La actividad forma parte de las acciones institucionales para conmemorar el 8 de marzo como un espacio de atenci\u00f3n y acompa\u00f1amiento para las mujeres de la capital.<\/p>\n\n\n\n<p>De esta manera, el gobierno municipal acercar\u00e1 servicios m\u00e9dicos y promover\u00e1 una cultura de prevenci\u00f3n desde una perspectiva de g\u00e9nero.<\/p>\n\n\n\n<p>Entre los servicios que se ofrecer\u00e1n destaca la instalaci\u00f3n de una Unidad M\u00f3vil de Mastograf\u00edas, as\u00ed como la toma gratuita de signos vitales.<\/p>\n\n\n\n<p><\/p>\n","protected":false},"excerpt":{"rendered":"<p>En el marco del D\u00eda Internacional de la Mujer, el Ayuntamiento de Tlaxcala, que preside Alfonso S\u00e1nchez Garc\u00eda, a trav\u00e9s del Instituto Municipal de la Mujer, llevar\u00e1 a cabo este domingo la jornada \u201cMujeres Imparables\u201d, una iniciativa orientada a fortalecer su bienestar mediante servicios de salud gratuitos y actividades de autocuidado. La actividad forma parte [&hellip;]<\/p>\n","protected":false},"author":1,"featured_media":78514,"comment_status":"open","ping_status":"open","sticky":false,"template":"","format":"standard","meta":{"om_disable_all_campaigns":false,"_monsterinsights_skip_tracking":false,"_monsterinsights_sitenote_active":false,"_monsterinsights_sitenote_note":"","_monsterinsights_sitenote_category":0,"footnotes":""},"categories":[1],"tags":[128,210],"class_list":["post-78513","post","type-post","status-publish","format-standard","has-post-thumbnail","hentry","category-sin-categoria","tag-politics","tag-tlaxcala"],"amp_enabled":true,"_links":{"self":[{"href":"https:\/\/lahora.mx\/index.php\/wp-json\/wp\/v2\/posts\/78513","targetHints":{"allow":["GET"]}}],"collection":[{"href":"https:\/\/lahora.mx\/index.php\/wp-json\/wp\/v2\/posts"}],"about":[{"href":"https:\/\/lahora.mx\/index.php\/wp-json\/wp\/v2\/types\/post"}],"author":[{"embeddable":true,"href":"https:\/\/lahora.mx\/index.php\/wp-json\/wp\/v2\/users\/1"}],"replies":[{"embeddable":true,"href":"https:\/\/lahora.mx\/index.php\/wp-json\/wp\/v2\/comments?post=78513"}],"version-history":[{"count":1,"href":"https:\/\/lahora.mx\/index.php\/wp-json\/wp\/v2\/posts\/78513\/revisions"}],"predecessor-version":[{"id":78515,"href":"https:\/\/lahora.mx\/index.php\/wp-json\/wp\/v2\/posts\/78513\/revisions\/78515"}],"wp:featuredmedia":[{"embeddable":true,"href":"https:\/\/lahora.mx\/index.php\/wp-json\/wp\/v2\/media\/78514"}],"wp:attachment":[{"href":"https:\/\/lahora.mx\/index.php\/wp-json\/wp\/v2\/media?parent=78513"}],"wp:term":[{"taxonomy":"category","embeddable":true,"href":"https:\/\/lahora.mx\/index.php\/wp-json\/wp\/v2\/categories?post=78513"},{"taxonomy":"post_tag","embeddable":true,"href":"https:\/\/lahora.mx\/index.php\/wp-json\/wp\/v2\/tags?post=78513"}],"curies":[{"name":"wp","href":"https:\/\/api.w.org\/{rel}","templated":true}]}}