{"id":78510,"date":"2026-03-08T04:46:15","date_gmt":"2026-03-08T04:46:15","guid":{"rendered":"https:\/\/lahora.mx\/?p=78510"},"modified":"2026-03-08T04:46:16","modified_gmt":"2026-03-08T04:46:16","slug":"alcalde-alfonso-sanchez-encabeza-macrofaena-en-acuitlapilco-para-continuar-con-el-rescate-de-la-ciudad","status":"publish","type":"post","link":"https:\/\/lahora.mx\/index.php\/2026\/03\/08\/alcalde-alfonso-sanchez-encabeza-macrofaena-en-acuitlapilco-para-continuar-con-el-rescate-de-la-ciudad\/","title":{"rendered":"Alcalde Alfonso S\u00e1nchez, Encabeza Macrofaena en Acuitlapilco Para Continuar con el Rescate de la Ciudad."},"content":{"rendered":"\n<p>El presidente municipal de Tlaxcala, Alfonso S\u00e1nchez Garc\u00eda, puso en marcha este s\u00e1bado la Macrofaena de \u201cM\u00e1s territorio y menos escritorio\u201d en la comunidad de Acuitlapilco, donde a trav\u00e9s de brigadas se avanza en el rescate de la ciudad.<\/p>\n\n\n\n<p>Con labores de poda, limpieza, reparaci\u00f3n de luminarias, pintura de guarniciones y otras acciones de mejoramiento urbano, se realizaron estos trabajos en los que participaron servidores p\u00fablicos de todos los niveles, as\u00ed como vecinos de la comunidad.<\/p>\n\n\n\n<p>Asimismo, arrib\u00f3 al lugar un cami\u00f3n tipo Vactor para llevar a cabo acciones de desazolve de drenaje y una gr\u00faa para la instalaci\u00f3n de nuevos postes para alumbrado p\u00fablico.<\/p>\n\n\n\n<p>Durante el arranque de estas actividades, el alcalde destac\u00f3 que, con estas jornadas, su administraci\u00f3n escucha y resuelve, adem\u00e1s trabaja de la mano con la ciudadan\u00eda para rescatar la ciudad y mejorar los espacios p\u00fablicos.<\/p>\n\n\n\n<p>El objetivo es mantener los \u00edndices de desarrollo humano, fortalecer la calidad de vida de las familias y seguir consolidando la Cuarta Transformaci\u00f3n (4T) con trabajo cercano a la gente<\/p>\n","protected":false},"excerpt":{"rendered":"<p>El presidente municipal de Tlaxcala, Alfonso S\u00e1nchez Garc\u00eda, puso en marcha este s\u00e1bado la Macrofaena de \u201cM\u00e1s territorio y menos escritorio\u201d en la comunidad de Acuitlapilco, donde a trav\u00e9s de brigadas se avanza en el rescate de la ciudad. Con labores de poda, limpieza, reparaci\u00f3n de luminarias, pintura de guarniciones y otras acciones de mejoramiento [&hellip;]<\/p>\n","protected":false},"author":1,"featured_media":78511,"comment_status":"open","ping_status":"open","sticky":false,"template":"","format":"standard","meta":{"om_disable_all_campaigns":false,"_monsterinsights_skip_tracking":false,"_monsterinsights_sitenote_active":false,"_monsterinsights_sitenote_note":"","_monsterinsights_sitenote_category":0,"footnotes":""},"categories":[5],"tags":[239,128,210],"class_list":["post-78510","post","type-post","status-publish","format-standard","has-post-thumbnail","hentry","category-politica","tag-gobierno","tag-politics","tag-tlaxcala"],"amp_enabled":true,"_links":{"self":[{"href":"https:\/\/lahora.mx\/index.php\/wp-json\/wp\/v2\/posts\/78510","targetHints":{"allow":["GET"]}}],"collection":[{"href":"https:\/\/lahora.mx\/index.php\/wp-json\/wp\/v2\/posts"}],"about":[{"href":"https:\/\/lahora.mx\/index.php\/wp-json\/wp\/v2\/types\/post"}],"author":[{"embeddable":true,"href":"https:\/\/lahora.mx\/index.php\/wp-json\/wp\/v2\/users\/1"}],"replies":[{"embeddable":true,"href":"https:\/\/lahora.mx\/index.php\/wp-json\/wp\/v2\/comments?post=78510"}],"version-history":[{"count":1,"href":"https:\/\/lahora.mx\/index.php\/wp-json\/wp\/v2\/posts\/78510\/revisions"}],"predecessor-version":[{"id":78512,"href":"https:\/\/lahora.mx\/index.php\/wp-json\/wp\/v2\/posts\/78510\/revisions\/78512"}],"wp:featuredmedia":[{"embeddable":true,"href":"https:\/\/lahora.mx\/index.php\/wp-json\/wp\/v2\/media\/78511"}],"wp:attachment":[{"href":"https:\/\/lahora.mx\/index.php\/wp-json\/wp\/v2\/media?parent=78510"}],"wp:term":[{"taxonomy":"category","embeddable":true,"href":"https:\/\/lahora.mx\/index.php\/wp-json\/wp\/v2\/categories?post=78510"},{"taxonomy":"post_tag","embeddable":true,"href":"https:\/\/lahora.mx\/index.php\/wp-json\/wp\/v2\/tags?post=78510"}],"curies":[{"name":"wp","href":"https:\/\/api.w.org\/{rel}","templated":true}]}}