{"id":78506,"date":"2026-03-08T00:46:31","date_gmt":"2026-03-08T00:46:31","guid":{"rendered":"https:\/\/lahora.mx\/?p=78506"},"modified":"2026-03-08T00:47:10","modified_gmt":"2026-03-08T00:47:10","slug":"respaldo-total-a-mujeres-este-8m-el-gobierno-estatal-protege-sus-derecho-a-expresarse-afirma-alejandro-armenta","status":"publish","type":"post","link":"https:\/\/lahora.mx\/index.php\/2026\/03\/08\/respaldo-total-a-mujeres-este-8m-el-gobierno-estatal-protege-sus-derecho-a-expresarse-afirma-alejandro-armenta\/","title":{"rendered":"Respaldo total a mujeres este 8m, el Gobierno Estatal protege sus derecho a expresarse afirma Alejandro Armenta."},"content":{"rendered":"\n<p>-La prioridad de mi gobierno es salvaguardar la integridad de quienes acudan a manifestarse: Armenta Mier. <\/p>\n\n\n\n<p>-A trav\u00e9s de los Centros LIBRE Casa Carmen Serd\u00e1n el gobierno estatal ha logrado la disminuci\u00f3n de los feminicidios en un 40%.<\/p>\n\n\n\n<p>CIUDAD DE PUEBLA.- Con el objetivo de conmemorar la lucha en favor de los derechos de las mujeres este domingo 8 de marzo, el Gobierno del Estado brindar\u00e1 todo el respaldo a quienes asistan a las distintas movilizaciones. <\/p>\n\n\n\n<p>El gobernador Alejandro Armenta Mier record\u00f3 que a trav\u00e9s de programas como los Centros LIBRE Casas Carmen Serd\u00e1n, la administraci\u00f3n estatal que preside, en coordinaci\u00f3n permanente con el Gobierno de M\u00e9xico que lidera la presidenta Claudia Sheinbaum, ha logrado una disminuci\u00f3n del 40 por ciento en los feminicidios, y record\u00f3 que en estos espacios se brinda atenci\u00f3n cercana e integral a quienes son v\u00edctimas de violencia, a trav\u00e9s de albergues y personal calificado.<\/p>\n\n\n\n<p>Cabe mencionar, que durante el D\u00eda Internacional de la Mujer, se dispondr\u00e1 de ambulancias y servicios m\u00e9dicos a lo largo de los recorridos de las marchas, a fin de atender oportunamente cualquier situaci\u00f3n que pudiera presentarse, ya que el objetivo es que las participantes ejerzan su derecho a expresarse en un ambiente de orden, respeto y paz.<\/p>\n","protected":false},"excerpt":{"rendered":"<p>-La prioridad de mi gobierno es salvaguardar la integridad de quienes acudan a manifestarse: Armenta Mier. -A trav\u00e9s de los Centros LIBRE Casa Carmen Serd\u00e1n el gobierno estatal ha logrado la disminuci\u00f3n de los feminicidios en un 40%. CIUDAD DE PUEBLA.- Con el objetivo de conmemorar la lucha en favor de los derechos de las [&hellip;]<\/p>\n","protected":false},"author":1,"featured_media":78507,"comment_status":"open","ping_status":"open","sticky":false,"template":"","format":"standard","meta":{"om_disable_all_campaigns":false,"_monsterinsights_skip_tracking":false,"_monsterinsights_sitenote_active":false,"_monsterinsights_sitenote_note":"","_monsterinsights_sitenote_category":0,"footnotes":""},"categories":[5],"tags":[330,239,128,195,223],"class_list":["post-78506","post","type-post","status-publish","format-standard","has-post-thumbnail","hentry","category-politica","tag-8m","tag-gobierno","tag-politics","tag-principal","tag-puebla"],"amp_enabled":true,"_links":{"self":[{"href":"https:\/\/lahora.mx\/index.php\/wp-json\/wp\/v2\/posts\/78506","targetHints":{"allow":["GET"]}}],"collection":[{"href":"https:\/\/lahora.mx\/index.php\/wp-json\/wp\/v2\/posts"}],"about":[{"href":"https:\/\/lahora.mx\/index.php\/wp-json\/wp\/v2\/types\/post"}],"author":[{"embeddable":true,"href":"https:\/\/lahora.mx\/index.php\/wp-json\/wp\/v2\/users\/1"}],"replies":[{"embeddable":true,"href":"https:\/\/lahora.mx\/index.php\/wp-json\/wp\/v2\/comments?post=78506"}],"version-history":[{"count":2,"href":"https:\/\/lahora.mx\/index.php\/wp-json\/wp\/v2\/posts\/78506\/revisions"}],"predecessor-version":[{"id":78509,"href":"https:\/\/lahora.mx\/index.php\/wp-json\/wp\/v2\/posts\/78506\/revisions\/78509"}],"wp:featuredmedia":[{"embeddable":true,"href":"https:\/\/lahora.mx\/index.php\/wp-json\/wp\/v2\/media\/78507"}],"wp:attachment":[{"href":"https:\/\/lahora.mx\/index.php\/wp-json\/wp\/v2\/media?parent=78506"}],"wp:term":[{"taxonomy":"category","embeddable":true,"href":"https:\/\/lahora.mx\/index.php\/wp-json\/wp\/v2\/categories?post=78506"},{"taxonomy":"post_tag","embeddable":true,"href":"https:\/\/lahora.mx\/index.php\/wp-json\/wp\/v2\/tags?post=78506"}],"curies":[{"name":"wp","href":"https:\/\/api.w.org\/{rel}","templated":true}]}}