{"id":78495,"date":"2026-03-07T22:04:08","date_gmt":"2026-03-07T22:04:08","guid":{"rendered":"https:\/\/lahora.mx\/?p=78495"},"modified":"2026-03-07T22:04:09","modified_gmt":"2026-03-07T22:04:09","slug":"morena-define-calendario-para-elegir-candidaturas-rumbo-a-2027","status":"publish","type":"post","link":"https:\/\/lahora.mx\/index.php\/2026\/03\/07\/morena-define-calendario-para-elegir-candidaturas-rumbo-a-2027\/","title":{"rendered":"Morena define calendario para elegir candidaturas rumbo a 2027"},"content":{"rendered":"\n<p>El Consejo Nacional de Morena fij\u00f3 fechas y reglas para la selecci\u00f3n de perfiles rumbo a los comicios de 2027. El proceso comenzar\u00e1 en junio y se realizar\u00e1 por encuestas.<\/p>\n\n\n\n<p>El Consejo Nacional de Morena acord\u00f3 este s\u00e1bado el calendario y las reglas para seleccionar a sus candidaturas rumbo a los pr\u00f3ximos procesos electorales de 2027, incluidas las 17 gubernaturas que se elegir\u00e1n, cuya designaci\u00f3n est\u00e1 prevista para el 22 de junio.<\/p>\n\n\n\n<p>Durante la sesi\u00f3n, que se llev\u00f3 a cabo en la Ciudad de M\u00e9xico, la dirigencia del partido present\u00f3 el calendario para definir las coordinaciones territoriales, una figura interna que posteriormente se convertir\u00e1 en las candidaturas oficiales para los distintos cargos de elecci\u00f3n popular.<\/p>\n\n\n\n<p>De acuerdo con la ruta aprobada, el proceso comenzar\u00e1 el 22 de junio con la selecci\u00f3n de las coordinaciones estatales en 17 entidades. Posteriormente, se realizar\u00e1n otras fases de designaci\u00f3n territorial dentro de la estructura partidista.<\/p>\n\n\n\n<p>El calendario establece que el 3 de agosto se elegir\u00e1n las coordinaciones distritales federales; el 21 de septiembre, las coordinaciones municipales; y finalmente, el 8 de noviembre, las coordinaciones distritales locales.<\/p>\n\n\n\n<p>As\u00ed ser\u00e1 el m\u00e9todo de selecci\u00f3n de los candidatos de Morena<\/p>\n\n\n\n<p>Morena ratific\u00f3 que el m\u00e9todo para elegir a sus perfiles ser\u00e1 mediante encuestas, el mismo mecanismo que el partido ha utilizado en procesos anteriores. <\/p>\n\n\n\n<p>El procedimiento consta de cuatro etapas:<\/p>\n\n\n\n<p>Convocatoria: el Comit\u00e9 Ejecutivo Nacional publicar\u00e1 la convocatoria y abrir\u00e1 el registro de aspirantes.<\/p>\n\n\n\n<p>Filtro: si se registran m\u00e1s de seis personas para una misma posici\u00f3n, se realizar\u00e1 un sondeo preliminar para identificar a los seis perfiles con mayor reconocimiento territorial.<\/p>\n\n\n\n<p>Encuestas: se aplicar\u00e1n encuestas para medir la aceptaci\u00f3n ciudadana y valorar atributos como honestidad, cercan\u00eda con la gente, conocimiento y trabajo territorial.<\/p>\n\n\n\n<p>Selecci\u00f3n: la persona con mejor resultado ser\u00e1 nombrada coordinadora o coordinador de Defensa de la Transformaci\u00f3n en el \u00e1mbito correspondiente, figura que posteriormente se convertir\u00e1 en candidatura.<\/p>\n\n\n\n<p>No \u2018fake news\u2019 ni eventos masivos: Morena establece reglas para aspirantes<\/p>\n\n\n\n<p>El partido tambi\u00e9n dio a conocer una serie de restricciones para quienes busquen participar en el proceso interno, con el objetivo de evitar actos anticipados de campa\u00f1a y pr\u00e1cticas que puedan afectar la equidad.<\/p>\n\n\n\n<p>Entre las principales reglas se establece que las personas aspirantes no podr\u00e1n:Promover su imagen mediante anuncios espectaculares o publicidad similar.<\/p>\n\n\n\n<p>Realizar actos anticipados de campa\u00f1a o violar la legislaci\u00f3n electoral.<\/p>\n\n\n\n<p>Utilizar recursos p\u00fablicos de cualquier naturaleza.<\/p>\n\n\n\n<p>Entregar d\u00e1divas, despensas, art\u00edculos electr\u00f3nicos o cualquier tipo de beneficio.<\/p>\n\n\n\n<p>Organizar eventos masivos u ostentosos para promover su aspiraci\u00f3n.<\/p>\n\n\n\n<p>Emitir expresiones de descalificaci\u00f3n o agresi\u00f3n contra otros participantes.<\/p>\n\n\n\n<p>Difundir informaci\u00f3n falsa o manipulada sobre adversarios o sobre el propio proceso interno.<\/p>\n\n\n\n<p>Promover campa\u00f1as de acoso o linchamiento digital en redes sociales.<\/p>\n\n\n\n<p>Simular pertenencia a grupos vulnerables para obtener ventajas pol\u00edticas.<\/p>\n\n\n\n<p>Asimismo, los aspirantes deber\u00e1n registrarse por v\u00eda electr\u00f3nica, presentar la documentaci\u00f3n requerida y comprometerse a aceptar los resultados del proceso interno.<\/p>\n\n\n\n<p>La Comisi\u00f3n Nacional de Elecciones ser\u00e1 la instancia encargada de validar los registros, revisar los requisitos y valorar la trayectoria pol\u00edtica y el reconocimiento territorial de las personas interesadas.<\/p>\n","protected":false},"excerpt":{"rendered":"<p>El Consejo Nacional de Morena fij\u00f3 fechas y reglas para la selecci\u00f3n de perfiles rumbo a los comicios de 2027. El proceso comenzar\u00e1 en junio y se realizar\u00e1 por encuestas. El Consejo Nacional de Morena acord\u00f3 este s\u00e1bado el calendario y las reglas para seleccionar a sus candidaturas rumbo a los pr\u00f3ximos procesos electorales de [&hellip;]<\/p>\n","protected":false},"author":1,"featured_media":78496,"comment_status":"open","ping_status":"open","sticky":false,"template":"","format":"standard","meta":{"om_disable_all_campaigns":false,"_monsterinsights_skip_tracking":false,"_monsterinsights_sitenote_active":false,"_monsterinsights_sitenote_note":"","_monsterinsights_sitenote_category":0,"footnotes":""},"categories":[176],"tags":[229,128,195],"class_list":["post-78495","post","type-post","status-publish","format-standard","has-post-thumbnail","hentry","category-nacional","tag-mexico","tag-politics","tag-principal"],"amp_enabled":true,"_links":{"self":[{"href":"https:\/\/lahora.mx\/index.php\/wp-json\/wp\/v2\/posts\/78495","targetHints":{"allow":["GET"]}}],"collection":[{"href":"https:\/\/lahora.mx\/index.php\/wp-json\/wp\/v2\/posts"}],"about":[{"href":"https:\/\/lahora.mx\/index.php\/wp-json\/wp\/v2\/types\/post"}],"author":[{"embeddable":true,"href":"https:\/\/lahora.mx\/index.php\/wp-json\/wp\/v2\/users\/1"}],"replies":[{"embeddable":true,"href":"https:\/\/lahora.mx\/index.php\/wp-json\/wp\/v2\/comments?post=78495"}],"version-history":[{"count":1,"href":"https:\/\/lahora.mx\/index.php\/wp-json\/wp\/v2\/posts\/78495\/revisions"}],"predecessor-version":[{"id":78497,"href":"https:\/\/lahora.mx\/index.php\/wp-json\/wp\/v2\/posts\/78495\/revisions\/78497"}],"wp:featuredmedia":[{"embeddable":true,"href":"https:\/\/lahora.mx\/index.php\/wp-json\/wp\/v2\/media\/78496"}],"wp:attachment":[{"href":"https:\/\/lahora.mx\/index.php\/wp-json\/wp\/v2\/media?parent=78495"}],"wp:term":[{"taxonomy":"category","embeddable":true,"href":"https:\/\/lahora.mx\/index.php\/wp-json\/wp\/v2\/categories?post=78495"},{"taxonomy":"post_tag","embeddable":true,"href":"https:\/\/lahora.mx\/index.php\/wp-json\/wp\/v2\/tags?post=78495"}],"curies":[{"name":"wp","href":"https:\/\/api.w.org\/{rel}","templated":true}]}}