{"id":7849,"date":"2022-06-07T01:33:01","date_gmt":"2022-06-07T01:33:01","guid":{"rendered":"http:\/\/lahora.mx\/?p=7849"},"modified":"2022-06-07T01:33:02","modified_gmt":"2022-06-07T01:33:02","slug":"detienen-a-javier-lopez-zavala-excandidato-a-la-gubernatura-de-puebla","status":"publish","type":"post","link":"https:\/\/lahora.mx\/index.php\/2022\/06\/07\/detienen-a-javier-lopez-zavala-excandidato-a-la-gubernatura-de-puebla\/","title":{"rendered":"Detienen a Javier L\u00f3pez Zavala, excandidato a la gubernatura de Puebla"},"content":{"rendered":"\n<p>Javier L\u00f3pez Zavala, excandidato a la gubernatura de Puebla en el 2010, fue detenido la ma\u00f1ana de este lunes en la junta auxiliar de La Libertad en la ciudad de Puebla, presuntamente por estar relacionado con el asesinato de la madre de su hijo, la abogada y activista Cecilia Monz\u00f3n.<\/p>\n\n\n\n<p>De acuerdo con el Registro Nacional de Detenciones, el arresto del pol\u00edtico ocurri\u00f3 a las 10: 54 horas en la calle 4 Sur, entre 5 Oriente y avenida Reforma, cerca de la parroquia de la Coronaci\u00f3n de Nuestra Madre de Guadalupe.<\/p>\n\n\n\n<p>Aunque de manera oficial ninguna autoridad se ha pronunciado al respecto, trascendi\u00f3 que el arresto es por el delito de feminicidio en agravio de Cecilia Monz\u00f3n, por lo que se espera que en pr\u00f3ximos minutos haya mayores datos sobre esta acci\u00f3n judicial.<\/p>\n\n\n\n<p>\u00bfQui\u00e9n era Cecilia Monz\u00f3n? La mujer y activista asesinada en Camino Real a Momoxpan<br>Cecilia Monz\u00f3n fue asesinada de varios impactos de arma de fuego la ma\u00f1ana del pasado 21 de mayo en un ataque directo cuando circulaba en su camioneta a la altura del Camino Real a Momoxpan y Anillo Perif\u00e9rico.<\/p>\n\n\n\n<p>Desde entonces, familiares, amigos y v\u00edctimas que fueron apoyadas en su momento por la activista se han manifestado y exigido justicia, incluso el d\u00eda de ayer el fiscal del estado, Gilberto Higuera Bernal, se\u00f1al\u00f3 que ya exist\u00edan avances importantes en el caso y que pronto habr\u00eda noticias.<\/p>\n","protected":false},"excerpt":{"rendered":"<p>Javier L\u00f3pez Zavala, excandidato a la gubernatura de Puebla en el 2010, fue detenido la ma\u00f1ana de este lunes en la junta auxiliar de La Libertad en la ciudad de Puebla, presuntamente por estar relacionado con el asesinato de la madre de su hijo, la abogada y activista Cecilia Monz\u00f3n. De acuerdo con el Registro [&hellip;]<\/p>\n","protected":false},"author":4,"featured_media":7851,"comment_status":"open","ping_status":"open","sticky":false,"template":"","format":"standard","meta":{"om_disable_all_campaigns":false,"_monsterinsights_skip_tracking":false,"_monsterinsights_sitenote_active":false,"_monsterinsights_sitenote_note":"","_monsterinsights_sitenote_category":0,"footnotes":""},"categories":[175],"tags":[195,223],"class_list":["post-7849","post","type-post","status-publish","format-standard","has-post-thumbnail","hentry","category-local","tag-principal","tag-puebla"],"amp_enabled":true,"_links":{"self":[{"href":"https:\/\/lahora.mx\/index.php\/wp-json\/wp\/v2\/posts\/7849","targetHints":{"allow":["GET"]}}],"collection":[{"href":"https:\/\/lahora.mx\/index.php\/wp-json\/wp\/v2\/posts"}],"about":[{"href":"https:\/\/lahora.mx\/index.php\/wp-json\/wp\/v2\/types\/post"}],"author":[{"embeddable":true,"href":"https:\/\/lahora.mx\/index.php\/wp-json\/wp\/v2\/users\/4"}],"replies":[{"embeddable":true,"href":"https:\/\/lahora.mx\/index.php\/wp-json\/wp\/v2\/comments?post=7849"}],"version-history":[{"count":1,"href":"https:\/\/lahora.mx\/index.php\/wp-json\/wp\/v2\/posts\/7849\/revisions"}],"predecessor-version":[{"id":7852,"href":"https:\/\/lahora.mx\/index.php\/wp-json\/wp\/v2\/posts\/7849\/revisions\/7852"}],"wp:featuredmedia":[{"embeddable":true,"href":"https:\/\/lahora.mx\/index.php\/wp-json\/wp\/v2\/media\/7851"}],"wp:attachment":[{"href":"https:\/\/lahora.mx\/index.php\/wp-json\/wp\/v2\/media?parent=7849"}],"wp:term":[{"taxonomy":"category","embeddable":true,"href":"https:\/\/lahora.mx\/index.php\/wp-json\/wp\/v2\/categories?post=7849"},{"taxonomy":"post_tag","embeddable":true,"href":"https:\/\/lahora.mx\/index.php\/wp-json\/wp\/v2\/tags?post=7849"}],"curies":[{"name":"wp","href":"https:\/\/api.w.org\/{rel}","templated":true}]}}