{"id":78468,"date":"2026-03-07T01:26:02","date_gmt":"2026-03-07T01:26:02","guid":{"rendered":"https:\/\/lahora.mx\/?p=78468"},"modified":"2026-03-07T01:26:04","modified_gmt":"2026-03-07T01:26:04","slug":"infonavit-explica-por-que-sube-el-descuento-de-tu-credito-en-la-nomina","status":"publish","type":"post","link":"https:\/\/lahora.mx\/index.php\/2026\/03\/07\/infonavit-explica-por-que-sube-el-descuento-de-tu-credito-en-la-nomina\/","title":{"rendered":"Infonavit explica por qu\u00e9 sube el descuento de tu cr\u00e9dito en la n\u00f3mina"},"content":{"rendered":"\n<p>Muchos trabajadores notan con sorpresa que el descuento de su cr\u00e9dito Infonavit en la n\u00f3mina se incrementa y suelen pensar que se trata de un cobro extra o un error. Sin embargo, en la mayor\u00eda de los casos, estos cambios son ajustes autom\u00e1ticos relacionados con el c\u00e1lculo del cr\u00e9dito y el salario del trabajador.<\/p>\n\n\n\n<p>El Instituto del Fondo Nacional de la Vivienda para los Trabajadores (Infonavit) se\u00f1ala que el pago mensual de un cr\u00e9dito se compone de capital, intereses y seguros, y se determina a partir del Salario Diario Integrado (SDI), que incluye el sueldo base m\u00e1s las prestaciones registradas ante el IMSS.<br>Motivos por los que el descuento puede aumentar<br>Existen varias razones por las que la retenci\u00f3n en n\u00f3mina puede subir:<\/p>\n\n\n\n<p>Aumento salarial<\/p>\n\n\n\n<p>Si un trabajador recibe un incremento de sueldo, el porcentaje que se descuenta se mantiene, pero al aplicarse sobre un salario m\u00e1s alto, la cantidad retenida aumenta autom\u00e1ticamente.<\/p>\n\n\n\n<p>Actualizaci\u00f3n de cr\u00e9ditos en VSM o UMA<\/p>\n\n\n\n<p>Algunos cr\u00e9ditos antiguos est\u00e1n denominados en Veces Salario M\u00ednimo (VSM). Estos se actualizan cada a\u00f1o seg\u00fan el salario m\u00ednimo o la Unidad de Medida y Actualizaci\u00f3n (UMA), lo que puede elevar la mensualidad si el cr\u00e9dito no se ha convertido a pesos.<\/p>\n\n\n\n<p>Cambio de empleo<\/p>\n\n\n\n<p>Al iniciar un nuevo trabajo con un salario mayor registrado ante el IMSS, el sistema recalcula autom\u00e1ticamente el monto del descuento en la n\u00f3mina.<\/p>\n\n\n\n<p>Atrasos, incapacidades o ausencias<\/p>\n\n\n\n<p>Los descuentos tambi\u00e9n pueden subir temporalmente cuando hay pagos pendientes, como:<\/p>\n\n\n\n<p>Incapacidades laborales<\/p>\n\n\n\n<p>Inasistencias<\/p>\n\n\n\n<p>Retrasos del patr\u00f3n al reportar o pagar cuotas<\/p>\n\n\n\n<p>En estos casos, el sistema ajusta la n\u00f3mina en per\u00edodos posteriores para regularizar el cr\u00e9dito.<\/p>\n\n\n\n<p>C\u00f3mo consultar tu pago mensual<br>Los trabajadores pueden revisar el monto exacto de su pago en su Estado de Cuenta, disponible en Mi Cuenta Infonavit, dentro de la secci\u00f3n \u201cSaldos y movimientos\u201d. All\u00ed se detalla cu\u00e1nto del pago corresponde a:<\/p>\n\n\n\n<p>Capital del cr\u00e9dito<br>Intereses<br>Seguros y cuotas<br>El Infonavit recuerda que no hay comisi\u00f3n por adelantar pagos ni por liquidar el cr\u00e9dito antes de tiempo, lo que permite a los derechohabientes tener mayor control sobre sus finanzas y planear sus pagos de manera anticipada.<\/p>\n","protected":false},"excerpt":{"rendered":"<p>Muchos trabajadores notan con sorpresa que el descuento de su cr\u00e9dito Infonavit en la n\u00f3mina se incrementa y suelen pensar que se trata de un cobro extra o un error. Sin embargo, en la mayor\u00eda de los casos, estos cambios son ajustes autom\u00e1ticos relacionados con el c\u00e1lculo del cr\u00e9dito y el salario del trabajador. El [&hellip;]<\/p>\n","protected":false},"author":1,"featured_media":78469,"comment_status":"open","ping_status":"open","sticky":false,"template":"","format":"standard","meta":{"om_disable_all_campaigns":false,"_monsterinsights_skip_tracking":false,"_monsterinsights_sitenote_active":false,"_monsterinsights_sitenote_note":"","_monsterinsights_sitenote_category":0,"footnotes":""},"categories":[176],"tags":[],"class_list":["post-78468","post","type-post","status-publish","format-standard","has-post-thumbnail","hentry","category-nacional"],"amp_enabled":true,"_links":{"self":[{"href":"https:\/\/lahora.mx\/index.php\/wp-json\/wp\/v2\/posts\/78468","targetHints":{"allow":["GET"]}}],"collection":[{"href":"https:\/\/lahora.mx\/index.php\/wp-json\/wp\/v2\/posts"}],"about":[{"href":"https:\/\/lahora.mx\/index.php\/wp-json\/wp\/v2\/types\/post"}],"author":[{"embeddable":true,"href":"https:\/\/lahora.mx\/index.php\/wp-json\/wp\/v2\/users\/1"}],"replies":[{"embeddable":true,"href":"https:\/\/lahora.mx\/index.php\/wp-json\/wp\/v2\/comments?post=78468"}],"version-history":[{"count":1,"href":"https:\/\/lahora.mx\/index.php\/wp-json\/wp\/v2\/posts\/78468\/revisions"}],"predecessor-version":[{"id":78470,"href":"https:\/\/lahora.mx\/index.php\/wp-json\/wp\/v2\/posts\/78468\/revisions\/78470"}],"wp:featuredmedia":[{"embeddable":true,"href":"https:\/\/lahora.mx\/index.php\/wp-json\/wp\/v2\/media\/78469"}],"wp:attachment":[{"href":"https:\/\/lahora.mx\/index.php\/wp-json\/wp\/v2\/media?parent=78468"}],"wp:term":[{"taxonomy":"category","embeddable":true,"href":"https:\/\/lahora.mx\/index.php\/wp-json\/wp\/v2\/categories?post=78468"},{"taxonomy":"post_tag","embeddable":true,"href":"https:\/\/lahora.mx\/index.php\/wp-json\/wp\/v2\/tags?post=78468"}],"curies":[{"name":"wp","href":"https:\/\/api.w.org\/{rel}","templated":true}]}}