{"id":78455,"date":"2026-03-07T01:20:22","date_gmt":"2026-03-07T01:20:22","guid":{"rendered":"https:\/\/lahora.mx\/?p=78455"},"modified":"2026-03-07T01:20:23","modified_gmt":"2026-03-07T01:20:23","slug":"352-mexicanos-han-sido-evacuados-por-la-guerra-en-medio-oriente","status":"publish","type":"post","link":"https:\/\/lahora.mx\/index.php\/2026\/03\/07\/352-mexicanos-han-sido-evacuados-por-la-guerra-en-medio-oriente\/","title":{"rendered":"352 mexicanos han sido evacuados por la guerra en Medio Oriente"},"content":{"rendered":"\n<p>La Secretar\u00eda de Relaciones Exteriores (SER) reporta que, hasta el momento, un total de 352 personas mexicanas han sido evacuadas desde Israel, Jordania, Emiratos \u00c1rabes Unidos, Ir\u00e1n, L\u00edbano y Qatar, tras el conflicto que existe en esa parte del mundo.<\/p>\n\n\n\n<p>La mayor\u00eda han salido v\u00eda terrestre hacia pa\u00edses que cuentan con espacio a\u00e9reo abierto.<br>Ante la apertura paulatina de los espacios a\u00e9reos, algunas aerol\u00edneas han reanudado sus vuelos desde Emiratos \u00c1rabes Unidos. Es importante que las personas que ya ten\u00edan una reservaci\u00f3n contacten a la aerol\u00ednea o agencia de viajes correspondiente.<\/p>\n\n\n\n<p>Las embajadas de M\u00e9xico en la regi\u00f3n siguen atendiendo a las personas mexicanas que lo soliciten para identificar la ruta de salida m\u00e1s adecuada y segura.<\/p>\n\n\n\n<p>No se reportan connacionales afectados en su integridad f\u00edsica hasta este momento.<\/p>\n\n\n\n<p>La SRE reitera los n\u00fameros de contacto de las embajadas de M\u00e9xico en el Medio Oriente en caso de requerir asistencia o protecci\u00f3n consular:<\/p>\n\n\n\n<p>Embajada en Ir\u00e1n<\/p>\n\n\n\n<p>+989121224463<\/p>\n\n\n\n<p>Embajada en Israel<\/p>\n\n\n\n<p>054-316-6717<\/p>\n\n\n\n<p>Embajada en Jordania<\/p>\n\n\n\n<p>0778 00 0494<\/p>\n\n\n\n<p>Embajada en Qatar<\/p>\n\n\n\n<p>3363 4450<\/p>\n\n\n\n<p>Embajada en Arabia Saudita<\/p>\n\n\n\n<p>+966557539374<\/p>\n\n\n\n<p>Embajada en Kuwait<\/p>\n\n\n\n<p>+965 9401 6333<\/p>\n\n\n\n<p>Embajada en EAU<\/p>\n\n\n\n<p>504 54 0273<\/p>\n\n\n\n<p>Embajada en L\u00edbano<\/p>\n\n\n\n<p>03 044 598<\/p>\n\n\n\n<p>Oficina de Representaci\u00f3n en Palestina<\/p>\n\n\n\n<p>+972 54 447 0095<\/p>\n","protected":false},"excerpt":{"rendered":"<p>La Secretar\u00eda de Relaciones Exteriores (SER) reporta que, hasta el momento, un total de 352 personas mexicanas han sido evacuadas desde Israel, Jordania, Emiratos \u00c1rabes Unidos, Ir\u00e1n, L\u00edbano y Qatar, tras el conflicto que existe en esa parte del mundo. La mayor\u00eda han salido v\u00eda terrestre hacia pa\u00edses que cuentan con espacio a\u00e9reo abierto.Ante la [&hellip;]<\/p>\n","protected":false},"author":1,"featured_media":78457,"comment_status":"open","ping_status":"open","sticky":false,"template":"","format":"standard","meta":{"om_disable_all_campaigns":false,"_monsterinsights_skip_tracking":false,"_monsterinsights_sitenote_active":false,"_monsterinsights_sitenote_note":"","_monsterinsights_sitenote_category":0,"footnotes":""},"categories":[176],"tags":[195],"class_list":["post-78455","post","type-post","status-publish","format-standard","has-post-thumbnail","hentry","category-nacional","tag-principal"],"amp_enabled":true,"_links":{"self":[{"href":"https:\/\/lahora.mx\/index.php\/wp-json\/wp\/v2\/posts\/78455","targetHints":{"allow":["GET"]}}],"collection":[{"href":"https:\/\/lahora.mx\/index.php\/wp-json\/wp\/v2\/posts"}],"about":[{"href":"https:\/\/lahora.mx\/index.php\/wp-json\/wp\/v2\/types\/post"}],"author":[{"embeddable":true,"href":"https:\/\/lahora.mx\/index.php\/wp-json\/wp\/v2\/users\/1"}],"replies":[{"embeddable":true,"href":"https:\/\/lahora.mx\/index.php\/wp-json\/wp\/v2\/comments?post=78455"}],"version-history":[{"count":1,"href":"https:\/\/lahora.mx\/index.php\/wp-json\/wp\/v2\/posts\/78455\/revisions"}],"predecessor-version":[{"id":78458,"href":"https:\/\/lahora.mx\/index.php\/wp-json\/wp\/v2\/posts\/78455\/revisions\/78458"}],"wp:featuredmedia":[{"embeddable":true,"href":"https:\/\/lahora.mx\/index.php\/wp-json\/wp\/v2\/media\/78457"}],"wp:attachment":[{"href":"https:\/\/lahora.mx\/index.php\/wp-json\/wp\/v2\/media?parent=78455"}],"wp:term":[{"taxonomy":"category","embeddable":true,"href":"https:\/\/lahora.mx\/index.php\/wp-json\/wp\/v2\/categories?post=78455"},{"taxonomy":"post_tag","embeddable":true,"href":"https:\/\/lahora.mx\/index.php\/wp-json\/wp\/v2\/tags?post=78455"}],"curies":[{"name":"wp","href":"https:\/\/api.w.org\/{rel}","templated":true}]}}