{"id":78442,"date":"2026-03-06T20:47:37","date_gmt":"2026-03-06T20:47:37","guid":{"rendered":"https:\/\/lahora.mx\/?p=78442"},"modified":"2026-03-06T20:47:38","modified_gmt":"2026-03-06T20:47:38","slug":"trump-condiciona-la-paz-con-iran-a-una-rendicion-incondicional-ya-un-liderazgo-aceptable","status":"publish","type":"post","link":"https:\/\/lahora.mx\/index.php\/2026\/03\/06\/trump-condiciona-la-paz-con-iran-a-una-rendicion-incondicional-ya-un-liderazgo-aceptable\/","title":{"rendered":"Trump condiciona la paz con Ir\u00e1n a una \u201crendici\u00f3n incondicional\u201d ya un liderazgo aceptable"},"content":{"rendered":"\n<p>El presidente de Estados Unidos, Donald Trump, afirm\u00f3 este viernes que no habr\u00e1 un acuerdo de paz con Ir\u00e1n si ese pa\u00eds no acepta una \u201crendici\u00f3n incondicional\u201d y no avanza hacia la elecci\u00f3n de un liderazgo que resulte aceptable para Washington, de acuerdo con declaraciones difundidas en su red Truth Social.<\/p>\n\n\n\n<p>En su mensaje, el mandatario plante\u00f3 esas dos condiciones como requisitos indispensables para cualquier entendimiento con Teher\u00e1n y asegur\u00f3 que, una vez cumplidas, Estados Unidos y sus aliados trabajar\u00edan para impulsar la recuperaci\u00f3n del pa\u00eds persa y fortalecer su econom\u00eda.<br>Trump sostuvo adem\u00e1s que un eventual acuerdo abrir\u00eda una etapa de prosperidad para Ir\u00e1n, en l\u00ednea con otros pronunciamientos que ha realizado sobre regiones marcadas por conflictos armados. En esa misma publicaci\u00f3n, remat\u00f3 su postura con una adaptaci\u00f3n de su conocido eslogan pol\u00edtico al afirmar que era momento de \u201chacer a Ir\u00e1n grande de nuevo\u201d.<\/p>\n\n\n\n<p>Las declaraciones fueron difundidas este 6 de marzo de 2026 y forman parte de una escalada verbal en medio del conflicto regional, en un contexto en el que el presidente estadounidense tambi\u00e9n ha endurecido p\u00fablicamente su posici\u00f3n frente a Teher\u00e1n.<\/p>\n","protected":false},"excerpt":{"rendered":"<p>El presidente de Estados Unidos, Donald Trump, afirm\u00f3 este viernes que no habr\u00e1 un acuerdo de paz con Ir\u00e1n si ese pa\u00eds no acepta una \u201crendici\u00f3n incondicional\u201d y no avanza hacia la elecci\u00f3n de un liderazgo que resulte aceptable para Washington, de acuerdo con declaraciones difundidas en su red Truth Social. En su mensaje, el [&hellip;]<\/p>\n","protected":false},"author":1,"featured_media":78443,"comment_status":"open","ping_status":"open","sticky":false,"template":"","format":"standard","meta":{"om_disable_all_campaigns":false,"_monsterinsights_skip_tracking":false,"_monsterinsights_sitenote_active":false,"_monsterinsights_sitenote_note":"","_monsterinsights_sitenote_category":0,"footnotes":""},"categories":[183],"tags":[],"class_list":["post-78442","post","type-post","status-publish","format-standard","has-post-thumbnail","hentry","category-internacional"],"amp_enabled":true,"_links":{"self":[{"href":"https:\/\/lahora.mx\/index.php\/wp-json\/wp\/v2\/posts\/78442","targetHints":{"allow":["GET"]}}],"collection":[{"href":"https:\/\/lahora.mx\/index.php\/wp-json\/wp\/v2\/posts"}],"about":[{"href":"https:\/\/lahora.mx\/index.php\/wp-json\/wp\/v2\/types\/post"}],"author":[{"embeddable":true,"href":"https:\/\/lahora.mx\/index.php\/wp-json\/wp\/v2\/users\/1"}],"replies":[{"embeddable":true,"href":"https:\/\/lahora.mx\/index.php\/wp-json\/wp\/v2\/comments?post=78442"}],"version-history":[{"count":1,"href":"https:\/\/lahora.mx\/index.php\/wp-json\/wp\/v2\/posts\/78442\/revisions"}],"predecessor-version":[{"id":78444,"href":"https:\/\/lahora.mx\/index.php\/wp-json\/wp\/v2\/posts\/78442\/revisions\/78444"}],"wp:featuredmedia":[{"embeddable":true,"href":"https:\/\/lahora.mx\/index.php\/wp-json\/wp\/v2\/media\/78443"}],"wp:attachment":[{"href":"https:\/\/lahora.mx\/index.php\/wp-json\/wp\/v2\/media?parent=78442"}],"wp:term":[{"taxonomy":"category","embeddable":true,"href":"https:\/\/lahora.mx\/index.php\/wp-json\/wp\/v2\/categories?post=78442"},{"taxonomy":"post_tag","embeddable":true,"href":"https:\/\/lahora.mx\/index.php\/wp-json\/wp\/v2\/tags?post=78442"}],"curies":[{"name":"wp","href":"https:\/\/api.w.org\/{rel}","templated":true}]}}