{"id":78433,"date":"2026-03-06T19:54:02","date_gmt":"2026-03-06T19:54:02","guid":{"rendered":"https:\/\/lahora.mx\/?p=78433"},"modified":"2026-03-06T19:54:03","modified_gmt":"2026-03-06T19:54:03","slug":"100-mil-elementos-seran-desplegados-para-la-seguridad-en-sedes-del-mundial-2026","status":"publish","type":"post","link":"https:\/\/lahora.mx\/index.php\/2026\/03\/06\/100-mil-elementos-seran-desplegados-para-la-seguridad-en-sedes-del-mundial-2026\/","title":{"rendered":"100 mil elementos ser\u00e1n desplegados para la seguridad en sedes del Mundial 2026"},"content":{"rendered":"\n<p>Un total de 100 mil elementos de seguridad ser\u00e1n desplegados en las tres sedes mexicanas del Mundial de Futbol 2026, como parte del operativo previsto para resguardar el torneo del 11 de junio al 19 de julio, inform\u00f3 el general Rom\u00e1n Villalvazo Barrios, jefe del Centro de Coordinaci\u00f3n de la Copa Mundial de Futbol 2026.<\/p>\n\n\n\n<p>Durante la conferencia presidencial realizada este viernes en Jalisco, el mando explic\u00f3 que fueron autorizadas tres fuerzas de tarea conjunta, una para cada ciudad anfitriona del certamen en M\u00e9xico: Ciudad de M\u00e9xico, Guadalajara y Monterrey. A\u00f1adi\u00f3 que tambi\u00e9n se conformaron siete agrupamientos conjuntos, destinados a las sedes alternas en las que se prev\u00e9 la concentraci\u00f3n de selecciones durante sus entrenamientos.<br>Del total del despliegue, m\u00e1s de 55 mil elementos pertenecer\u00e1n a la Secretar\u00eda de Seguridad y Protecci\u00f3n Ciudadana, adem\u00e1s de que se contar\u00e1 con personal de seguridad privada para reforzar la vigilancia en distintos puntos vinculados con la competencia.<\/p>\n\n\n\n<p>A ese dispositivo se sumar\u00e1n 20 mil integrantes de las Fuerzas Armadas, con una presencia destacada de la Guardia Nacional, el Ej\u00e9rcito y la Fuerza A\u00e9rea. En este \u00faltimo caso, se prev\u00e9 la operaci\u00f3n de tres agrupamientos de defensa a\u00e9rea como parte del esquema de resguardo.<\/p>\n\n\n\n<p>Villalvazo Barrios detall\u00f3 que el plan fue dise\u00f1ado bajo un modelo de cinturones de seguridad. Explic\u00f3 que cada instalaci\u00f3n considerada estrat\u00e9gica contar\u00e1 con un dispositivo espec\u00edfico, entre ellas aeropuertos, hoteles, zonas de entrenamiento, estadios y \u00e1reas de Fan Festival. Seg\u00fan indic\u00f3, en esos espacios se aplicar\u00e1n anillos de seguridad inmediata, mediata y lejana y, en algunos casos, un cuarto nivel de refuerzo, todo ello complementado por un dispositivo general de cobertura.<\/p>\n\n\n\n<p>El operativo tambi\u00e9n incluye 188 binomios can\u00f3filos entrenados en la detecci\u00f3n de explosivos y enervantes, as\u00ed como binomios equinos especializados en control y manejo de multitudes.<\/p>\n\n\n\n<p>Adem\u00e1s, las autoridades contemplan el uso de 2 mil 100 veh\u00edculos militares y 378 unidades civiles, que ser\u00e1n empleadas en escoltas para mandatarios y delegaciones participantes en el torneo.<\/p>\n","protected":false},"excerpt":{"rendered":"<p>Un total de 100 mil elementos de seguridad ser\u00e1n desplegados en las tres sedes mexicanas del Mundial de Futbol 2026, como parte del operativo previsto para resguardar el torneo del 11 de junio al 19 de julio, inform\u00f3 el general Rom\u00e1n Villalvazo Barrios, jefe del Centro de Coordinaci\u00f3n de la Copa Mundial de Futbol 2026. [&hellip;]<\/p>\n","protected":false},"author":1,"featured_media":78434,"comment_status":"open","ping_status":"open","sticky":false,"template":"","format":"standard","meta":{"om_disable_all_campaigns":false,"_monsterinsights_skip_tracking":false,"_monsterinsights_sitenote_active":false,"_monsterinsights_sitenote_note":"","_monsterinsights_sitenote_category":0,"footnotes":""},"categories":[176],"tags":[195],"class_list":["post-78433","post","type-post","status-publish","format-standard","has-post-thumbnail","hentry","category-nacional","tag-principal"],"amp_enabled":true,"_links":{"self":[{"href":"https:\/\/lahora.mx\/index.php\/wp-json\/wp\/v2\/posts\/78433","targetHints":{"allow":["GET"]}}],"collection":[{"href":"https:\/\/lahora.mx\/index.php\/wp-json\/wp\/v2\/posts"}],"about":[{"href":"https:\/\/lahora.mx\/index.php\/wp-json\/wp\/v2\/types\/post"}],"author":[{"embeddable":true,"href":"https:\/\/lahora.mx\/index.php\/wp-json\/wp\/v2\/users\/1"}],"replies":[{"embeddable":true,"href":"https:\/\/lahora.mx\/index.php\/wp-json\/wp\/v2\/comments?post=78433"}],"version-history":[{"count":1,"href":"https:\/\/lahora.mx\/index.php\/wp-json\/wp\/v2\/posts\/78433\/revisions"}],"predecessor-version":[{"id":78435,"href":"https:\/\/lahora.mx\/index.php\/wp-json\/wp\/v2\/posts\/78433\/revisions\/78435"}],"wp:featuredmedia":[{"embeddable":true,"href":"https:\/\/lahora.mx\/index.php\/wp-json\/wp\/v2\/media\/78434"}],"wp:attachment":[{"href":"https:\/\/lahora.mx\/index.php\/wp-json\/wp\/v2\/media?parent=78433"}],"wp:term":[{"taxonomy":"category","embeddable":true,"href":"https:\/\/lahora.mx\/index.php\/wp-json\/wp\/v2\/categories?post=78433"},{"taxonomy":"post_tag","embeddable":true,"href":"https:\/\/lahora.mx\/index.php\/wp-json\/wp\/v2\/tags?post=78433"}],"curies":[{"name":"wp","href":"https:\/\/api.w.org\/{rel}","templated":true}]}}