{"id":78424,"date":"2026-03-06T19:22:36","date_gmt":"2026-03-06T19:22:36","guid":{"rendered":"https:\/\/lahora.mx\/?p=78424"},"modified":"2026-03-06T19:22:37","modified_gmt":"2026-03-06T19:22:37","slug":"trabajadores-de-smt-son-agredidos-tras-asegurar-unidad-irregular","status":"publish","type":"post","link":"https:\/\/lahora.mx\/index.php\/2026\/03\/06\/trabajadores-de-smt-son-agredidos-tras-asegurar-unidad-irregular\/","title":{"rendered":"Trabajadores de SMT son agredidos tras asegurar unidad irregular"},"content":{"rendered":"\n<p>La Secretar\u00eda de Movilidad y Transporte (SMT) de Puebla inform\u00f3 que dos trabajadores de la dependencia fueron agredidos por un grupo de personas tras el aseguramiento de una unidad que prestaba servicio de transporte sin autorizaci\u00f3n.<\/p>\n\n\n\n<p>El subsecretario de Transporte y V\u00edas de Comunicaci\u00f3n, Juan Manuel Vega Rayet, explic\u00f3 que los hechos ocurrieron en la zona de San Miguel, donde se ubica un corral\u00f3n del gobierno estatal.<br>Los trabajadores acudieron al sitio con la unidad asegurada cuando fueron atacados por un grupo de personas, pero durante la agresi\u00f3n, los trabajadores resultaron con lesiones y una unidad oficial present\u00f3 da\u00f1os, luego de que le rompieran los cristales.<\/p>\n\n\n\n<p>\u201cAgredieron una camioneta nuestra, haci\u00e9ndole da\u00f1o, rompiendo los cristales y afectando a dos compa\u00f1eros, uno gravemente herido y que podr\u00eda perder un ojo\u201d, declar\u00f3 el funcionario.<\/p>\n\n\n\n<p>Indic\u00f3 que el trabajador lesionado permanece hospitalizado y bajo valoraci\u00f3n m\u00e9dica para determinar el alcance de las lesiones.<\/p>\n\n\n\n<p>Vega Rayet se\u00f1al\u00f3 que la dependencia mantiene operativos para detectar unidades que prestan el servicio de transporte sin cumplir con la normativa vigente.<\/p>\n\n\n\n<p>Tras los hechos se dio aviso a las autoridades y siete personas fueron detenidas aunque uno de los lesionados se encuentra hospitalizado y podr\u00eda perder un ojo.<\/p>\n\n\n\n<p>La SMT present\u00f3 la denuncia correspondiente ante la Fiscal\u00eda General del Estado (FGE) para que se realicen las investigaciones y se determinen responsabilidades.<\/p>\n\n\n\n<p>El subsecretario indic\u00f3 que los operativos contra unidades irregulares continuar\u00e1n con el objetivo de regular la prestaci\u00f3n del servicio de transporte p\u00fablico en el estado.<\/p>\n\n\n\n<p><\/p>\n","protected":false},"excerpt":{"rendered":"<p>La Secretar\u00eda de Movilidad y Transporte (SMT) de Puebla inform\u00f3 que dos trabajadores de la dependencia fueron agredidos por un grupo de personas tras el aseguramiento de una unidad que prestaba servicio de transporte sin autorizaci\u00f3n. El subsecretario de Transporte y V\u00edas de Comunicaci\u00f3n, Juan Manuel Vega Rayet, explic\u00f3 que los hechos ocurrieron en la [&hellip;]<\/p>\n","protected":false},"author":1,"featured_media":78425,"comment_status":"open","ping_status":"open","sticky":false,"template":"","format":"standard","meta":{"om_disable_all_campaigns":false,"_monsterinsights_skip_tracking":false,"_monsterinsights_sitenote_active":false,"_monsterinsights_sitenote_note":"","_monsterinsights_sitenote_category":0,"footnotes":""},"categories":[226],"tags":[],"class_list":["post-78424","post","type-post","status-publish","format-standard","has-post-thumbnail","hentry","category-policia"],"amp_enabled":true,"_links":{"self":[{"href":"https:\/\/lahora.mx\/index.php\/wp-json\/wp\/v2\/posts\/78424","targetHints":{"allow":["GET"]}}],"collection":[{"href":"https:\/\/lahora.mx\/index.php\/wp-json\/wp\/v2\/posts"}],"about":[{"href":"https:\/\/lahora.mx\/index.php\/wp-json\/wp\/v2\/types\/post"}],"author":[{"embeddable":true,"href":"https:\/\/lahora.mx\/index.php\/wp-json\/wp\/v2\/users\/1"}],"replies":[{"embeddable":true,"href":"https:\/\/lahora.mx\/index.php\/wp-json\/wp\/v2\/comments?post=78424"}],"version-history":[{"count":1,"href":"https:\/\/lahora.mx\/index.php\/wp-json\/wp\/v2\/posts\/78424\/revisions"}],"predecessor-version":[{"id":78426,"href":"https:\/\/lahora.mx\/index.php\/wp-json\/wp\/v2\/posts\/78424\/revisions\/78426"}],"wp:featuredmedia":[{"embeddable":true,"href":"https:\/\/lahora.mx\/index.php\/wp-json\/wp\/v2\/media\/78425"}],"wp:attachment":[{"href":"https:\/\/lahora.mx\/index.php\/wp-json\/wp\/v2\/media?parent=78424"}],"wp:term":[{"taxonomy":"category","embeddable":true,"href":"https:\/\/lahora.mx\/index.php\/wp-json\/wp\/v2\/categories?post=78424"},{"taxonomy":"post_tag","embeddable":true,"href":"https:\/\/lahora.mx\/index.php\/wp-json\/wp\/v2\/tags?post=78424"}],"curies":[{"name":"wp","href":"https:\/\/api.w.org\/{rel}","templated":true}]}}