{"id":78418,"date":"2026-03-06T16:32:11","date_gmt":"2026-03-06T16:32:11","guid":{"rendered":"https:\/\/lahora.mx\/?p=78418"},"modified":"2026-03-06T16:32:12","modified_gmt":"2026-03-06T16:32:12","slug":"policias-de-cuyoaco-rescatan-a-menor-de-edad-abandonada-en-camino-de-terraceria","status":"publish","type":"post","link":"https:\/\/lahora.mx\/index.php\/2026\/03\/06\/policias-de-cuyoaco-rescatan-a-menor-de-edad-abandonada-en-camino-de-terraceria\/","title":{"rendered":"Polic\u00edas de Cuyoaco rescatan a menor de edad abandonada en camino de terracer\u00eda"},"content":{"rendered":"\n<p>Una menor de edad fue hallada por elementos de seguridad tras un recorrido de vigilancia durante la madrugada del jueves en calles de una comunidad de Cuyoaco, situaci\u00f3n que gener\u00f3 una fuerte movilizaci\u00f3n de elementos de seguridad.<\/p>\n\n\n\n<p>El hallazgo de la menor de edad de un a\u00f1o cinco meses, se realiz\u00f3 alrededor de las 02:00 am en un camino de terracer\u00eda perteneciente a la comunidad de Guadalupe Victoria al interior del municipio de Cuyoaco. La menor se encontraba llorando y con signos de hipotermia, ya que al parecer llevaba varias horas en el lugar.<\/p>\n\n\n\n<p>La situaci\u00f3n gener\u00f3 que fuera llevada de urgencia al hospital comunitario de este municipio en donde fue atendida.<\/p>\n\n\n\n<p>Cabe se\u00f1alar que hasta el momento no se ha dado a conocer si familiares llegaron a reclamar a la menor o si en este momento se encuentra bajo resguardo del DIF municipal.<br><\/p>\n","protected":false},"excerpt":{"rendered":"<p>Una menor de edad fue hallada por elementos de seguridad tras un recorrido de vigilancia durante la madrugada del jueves en calles de una comunidad de Cuyoaco, situaci\u00f3n que gener\u00f3 una fuerte movilizaci\u00f3n de elementos de seguridad. El hallazgo de la menor de edad de un a\u00f1o cinco meses, se realiz\u00f3 alrededor de las 02:00 [&hellip;]<\/p>\n","protected":false},"author":1,"featured_media":78419,"comment_status":"open","ping_status":"open","sticky":false,"template":"","format":"standard","meta":{"om_disable_all_campaigns":false,"_monsterinsights_skip_tracking":false,"_monsterinsights_sitenote_active":false,"_monsterinsights_sitenote_note":"","_monsterinsights_sitenote_category":0,"footnotes":""},"categories":[226],"tags":[],"class_list":["post-78418","post","type-post","status-publish","format-standard","has-post-thumbnail","hentry","category-policia"],"amp_enabled":true,"_links":{"self":[{"href":"https:\/\/lahora.mx\/index.php\/wp-json\/wp\/v2\/posts\/78418","targetHints":{"allow":["GET"]}}],"collection":[{"href":"https:\/\/lahora.mx\/index.php\/wp-json\/wp\/v2\/posts"}],"about":[{"href":"https:\/\/lahora.mx\/index.php\/wp-json\/wp\/v2\/types\/post"}],"author":[{"embeddable":true,"href":"https:\/\/lahora.mx\/index.php\/wp-json\/wp\/v2\/users\/1"}],"replies":[{"embeddable":true,"href":"https:\/\/lahora.mx\/index.php\/wp-json\/wp\/v2\/comments?post=78418"}],"version-history":[{"count":1,"href":"https:\/\/lahora.mx\/index.php\/wp-json\/wp\/v2\/posts\/78418\/revisions"}],"predecessor-version":[{"id":78420,"href":"https:\/\/lahora.mx\/index.php\/wp-json\/wp\/v2\/posts\/78418\/revisions\/78420"}],"wp:featuredmedia":[{"embeddable":true,"href":"https:\/\/lahora.mx\/index.php\/wp-json\/wp\/v2\/media\/78419"}],"wp:attachment":[{"href":"https:\/\/lahora.mx\/index.php\/wp-json\/wp\/v2\/media?parent=78418"}],"wp:term":[{"taxonomy":"category","embeddable":true,"href":"https:\/\/lahora.mx\/index.php\/wp-json\/wp\/v2\/categories?post=78418"},{"taxonomy":"post_tag","embeddable":true,"href":"https:\/\/lahora.mx\/index.php\/wp-json\/wp\/v2\/tags?post=78418"}],"curies":[{"name":"wp","href":"https:\/\/api.w.org\/{rel}","templated":true}]}}