{"id":78415,"date":"2026-03-06T16:28:54","date_gmt":"2026-03-06T16:28:54","guid":{"rendered":"https:\/\/lahora.mx\/?p=78415"},"modified":"2026-03-06T16:28:54","modified_gmt":"2026-03-06T16:28:54","slug":"se-incendian-pastizales-en-la-prepa-simon-bolivar-de-la-buap-en-atlixco","status":"publish","type":"post","link":"https:\/\/lahora.mx\/index.php\/2026\/03\/06\/se-incendian-pastizales-en-la-prepa-simon-bolivar-de-la-buap-en-atlixco\/","title":{"rendered":"Se incendian pastizales en la prepa Sim\u00f3n Bol\u00edvar de la BUAP en Atlixco"},"content":{"rendered":"\n<p>La tranquilidad de la noche del jueves se vio interrumpida por el resplandor de las llamas y el olor a humo en los alrededores de la preparatoria regional Sim\u00f3n Bol\u00edvar, perteneciente a la Benem\u00e9rita Universidad Aut\u00f3noma de Puebla (BUAP), luego de que se reportara el incendio de un lote bald\u00edo cubierto de pastizales secos.<\/p>\n\n\n\n<p>El siniestro ocurri\u00f3 poco despu\u00e9s de las 19 horas y a escasos metros del plantel educativo ubicado en el ala norte de la mancha urbana. Aunque el fuego no alcanz\u00f3 las instalaciones escolares, las llamas generaron momentos de tensi\u00f3n entre decenas de estudiantes que, al momento del incidente, ya se encontraban a la salida de clases y aguardaban el transporte p\u00fablico para regresar a sus hogares.<br>De acuerdo con testimonios de alumnos y algunos padres de familia presentes en el lugar el fuego comenz\u00f3 a extenderse r\u00e1pidamente entre la vegetaci\u00f3n seca del terreno bald\u00edo lo que provoc\u00f3 alarma al observarse columnas de humo visibles desde distintos puntos de la zona.<\/p>\n\n\n\n<p>Ante esa situaci\u00f3n ciudadanos realizaron llamadas de emergencia para solicitar la intervenci\u00f3n de los cuerpos de auxilio, entre ellos elementos del cuerpo de bomberos y personal de protecci\u00f3n civil, quienes acudieron para controlar el incendio y evitar que el fuego se propagara hacia el plantel educativo o viviendas cercanas.<\/p>\n\n\n\n<p>A pesar de la cercan\u00eda del siniestro las autoridades confirmaron que no fue necesario desalojar el inmueble ya que las llamas permanecieron fuera del per\u00edmetro de la instituci\u00f3n y lograron ser controladas a tiempo.<\/p>\n\n\n\n<p>Habitantes de la zona se\u00f1alaron que no es la primera ocasi\u00f3n en que se registran incendios de pastizales en los alrededores de la prepa Sim\u00f3n Bol\u00edvar, una de las m\u00e1s populares localmente. Sin embargo, en episodios anteriores estos se hab\u00edan presentado durante el d\u00eda y cuando no hab\u00eda actividad escolar por lo que no generaron la misma preocupaci\u00f3n entre estudiantes y padres de familia.<\/p>\n\n\n\n<p>Los incendios de pastizales suelen incrementarse durante la temporada de calor en la regi\u00f3n del valle de Atlixco debido a la acumulaci\u00f3n de vegetaci\u00f3n seca y, en algunos casos, a quemas provocadas o descuidos humanos.<\/p>\n\n\n\n<p>Autoridades locales han reiterado en diversas ocasiones el llamado a evitar la quema de basura o pasto seco ya que estas pr\u00e1cticas pueden salirse de control y poner en riesgo a la poblaci\u00f3n y a las instalaciones cercanas.<\/p>\n\n\n\n<p>Mientras tanto, la situaci\u00f3n en los alrededores de la preparatoria qued\u00f3 bajo control y no se reportaron personas lesionadas ni da\u00f1os a la infraestructura educativa.<\/p>\n","protected":false},"excerpt":{"rendered":"<p>La tranquilidad de la noche del jueves se vio interrumpida por el resplandor de las llamas y el olor a humo en los alrededores de la preparatoria regional Sim\u00f3n Bol\u00edvar, perteneciente a la Benem\u00e9rita Universidad Aut\u00f3noma de Puebla (BUAP), luego de que se reportara el incendio de un lote bald\u00edo cubierto de pastizales secos. El [&hellip;]<\/p>\n","protected":false},"author":1,"featured_media":78416,"comment_status":"open","ping_status":"open","sticky":false,"template":"","format":"standard","meta":{"om_disable_all_campaigns":false,"_monsterinsights_skip_tracking":false,"_monsterinsights_sitenote_active":false,"_monsterinsights_sitenote_note":"","_monsterinsights_sitenote_category":0,"footnotes":""},"categories":[226],"tags":[],"class_list":["post-78415","post","type-post","status-publish","format-standard","has-post-thumbnail","hentry","category-policia"],"amp_enabled":true,"_links":{"self":[{"href":"https:\/\/lahora.mx\/index.php\/wp-json\/wp\/v2\/posts\/78415","targetHints":{"allow":["GET"]}}],"collection":[{"href":"https:\/\/lahora.mx\/index.php\/wp-json\/wp\/v2\/posts"}],"about":[{"href":"https:\/\/lahora.mx\/index.php\/wp-json\/wp\/v2\/types\/post"}],"author":[{"embeddable":true,"href":"https:\/\/lahora.mx\/index.php\/wp-json\/wp\/v2\/users\/1"}],"replies":[{"embeddable":true,"href":"https:\/\/lahora.mx\/index.php\/wp-json\/wp\/v2\/comments?post=78415"}],"version-history":[{"count":1,"href":"https:\/\/lahora.mx\/index.php\/wp-json\/wp\/v2\/posts\/78415\/revisions"}],"predecessor-version":[{"id":78417,"href":"https:\/\/lahora.mx\/index.php\/wp-json\/wp\/v2\/posts\/78415\/revisions\/78417"}],"wp:featuredmedia":[{"embeddable":true,"href":"https:\/\/lahora.mx\/index.php\/wp-json\/wp\/v2\/media\/78416"}],"wp:attachment":[{"href":"https:\/\/lahora.mx\/index.php\/wp-json\/wp\/v2\/media?parent=78415"}],"wp:term":[{"taxonomy":"category","embeddable":true,"href":"https:\/\/lahora.mx\/index.php\/wp-json\/wp\/v2\/categories?post=78415"},{"taxonomy":"post_tag","embeddable":true,"href":"https:\/\/lahora.mx\/index.php\/wp-json\/wp\/v2\/tags?post=78415"}],"curies":[{"name":"wp","href":"https:\/\/api.w.org\/{rel}","templated":true}]}}