{"id":78390,"date":"2026-03-06T04:47:10","date_gmt":"2026-03-06T04:47:10","guid":{"rendered":"https:\/\/lahora.mx\/?p=78390"},"modified":"2026-03-06T04:47:11","modified_gmt":"2026-03-06T04:47:11","slug":"defiende-claudia-sheinbaum-parque-de-reciclaje-en-puebla","status":"publish","type":"post","link":"https:\/\/lahora.mx\/index.php\/2026\/03\/06\/defiende-claudia-sheinbaum-parque-de-reciclaje-en-puebla\/","title":{"rendered":"Defiende Claudia Sheinbaum parque de reciclaje en Puebla"},"content":{"rendered":"\n<p>La instalaci\u00f3n del&nbsp;<strong>Polo de Desarrollo de Econom\u00eda Circular en Puebla<\/strong>&nbsp;no afectar\u00e1 los<strong>&nbsp;recursos h\u00eddricos de la regi\u00f3n de San Jos\u00e9 Chiapa<\/strong>, defendi\u00f3 la presidenta de M\u00e9xico,<strong>&nbsp;Claudia Sheinbaum Pardo<\/strong>, ante la oposici\u00f3n que&nbsp;<strong>grupos sociales, principalmente campesinos<\/strong>, han mostrado hacia el proyecto con el que se busca instalar una<strong>&nbsp;<a rel=\"noreferrer noopener\" href=\"https:\/\/oem.com.mx\/elsoldepuebla\/local\/anuncia-sheinbaum-parque-de-reciclaje-en-san-jose-chiapa-y-descarta-sea-para-basura-de-otros-estados-27874752\" target=\"_blank\">planta de reciclaje<\/a>.<\/strong><\/p>\n\n\n\n<p>La mandataria reiter\u00f3 que\u00a0<strong>el modelo que se busca desarrollar en la entidad es similar al que se implement\u00f3 en la Ciudad de M\u00e9xico,<\/strong>\u00a0durante el periodo en que fungi\u00f3 como jefa de gobierno, por lo que se trata de\u00a0<strong>una industria y no de un nuevo relleno sanitario.<\/strong><\/p>\n\n\n\n<p>Sheinbaum Pardo asegur\u00f3 que<strong>&nbsp;los pobladores de aquella regi\u00f3n, suministrada por el acu\u00edfero Libres &#8211; Oriental<\/strong>, no deben preocuparse por&nbsp;<strong>el consumo de agua que tendr\u00e1 la planta,<\/strong>&nbsp;ya que se trata de un modelo sustentable que requiere m\u00ednimas cantidades.&nbsp;<\/p>\n\n\n\n<p>\u201c<em>Es pr\u00e1cticamente una peque\u00f1a fabriquita, y que<strong>&nbsp;ni siquiera usa agua, no utiliza el l\u00edquido, m\u00e1s que para los ba\u00f1os<\/strong>&nbsp;\u2014obviamente\u2014 de los trabajadores. Pero si se fijan, realmente es una instalaci\u00f3n muy limpia<\/em>\u201d, insisti\u00f3.<\/p>\n\n\n\n<p>En el decreto publicado el pasado lunes en el<strong>&nbsp;Diario Oficial de la Federaci\u00f3n<\/strong>&nbsp;para formalizar la creaci\u00f3n del<strong>&nbsp;Polo de Econom\u00eda Circular&nbsp;<\/strong>se expuso que no hab\u00eda sido necesario desarrollar una&nbsp;<strong>consulta p\u00fablica<\/strong>&nbsp;porque en el pol\u00edgono no existe poblaci\u00f3n ind\u00edgena; sin embargo, Sheinbaum asegur\u00f3 que&nbsp;<strong>se ofrecer\u00e1 toda la informaci\u00f3n necesaria sobre el proyecto a los residentes de la zona.<\/strong><\/p>\n\n\n\n<p>La presidenta de M\u00e9xico asegur\u00f3 que\u00a0<strong>de la planta saldr\u00e1n las pacas de PET, aluminio, papel y otros materiales que podr\u00e1n destinarse a nuevos usos,\u00a0<\/strong>de tal forma que no se trata de un proyecto que afecte al medio ambiente sino, por el contrario, contribuir\u00e1 con mejoras, incluso en beneficio de los ejidos.<\/p>\n","protected":false},"excerpt":{"rendered":"<p>La instalaci\u00f3n del&nbsp;Polo de Desarrollo de Econom\u00eda Circular en Puebla&nbsp;no afectar\u00e1 los&nbsp;recursos h\u00eddricos de la regi\u00f3n de San Jos\u00e9 Chiapa, defendi\u00f3 la presidenta de M\u00e9xico,&nbsp;Claudia Sheinbaum Pardo, ante la oposici\u00f3n que&nbsp;grupos sociales, principalmente campesinos, han mostrado hacia el proyecto con el que se busca instalar una&nbsp;planta de reciclaje. La mandataria reiter\u00f3 que\u00a0el modelo que se [&hellip;]<\/p>\n","protected":false},"author":1,"featured_media":78391,"comment_status":"open","ping_status":"open","sticky":false,"template":"","format":"standard","meta":{"om_disable_all_campaigns":false,"_monsterinsights_skip_tracking":false,"_monsterinsights_sitenote_active":false,"_monsterinsights_sitenote_note":"","_monsterinsights_sitenote_category":0,"footnotes":""},"categories":[226],"tags":[195,223],"class_list":["post-78390","post","type-post","status-publish","format-standard","has-post-thumbnail","hentry","category-policia","tag-principal","tag-puebla"],"amp_enabled":true,"_links":{"self":[{"href":"https:\/\/lahora.mx\/index.php\/wp-json\/wp\/v2\/posts\/78390","targetHints":{"allow":["GET"]}}],"collection":[{"href":"https:\/\/lahora.mx\/index.php\/wp-json\/wp\/v2\/posts"}],"about":[{"href":"https:\/\/lahora.mx\/index.php\/wp-json\/wp\/v2\/types\/post"}],"author":[{"embeddable":true,"href":"https:\/\/lahora.mx\/index.php\/wp-json\/wp\/v2\/users\/1"}],"replies":[{"embeddable":true,"href":"https:\/\/lahora.mx\/index.php\/wp-json\/wp\/v2\/comments?post=78390"}],"version-history":[{"count":1,"href":"https:\/\/lahora.mx\/index.php\/wp-json\/wp\/v2\/posts\/78390\/revisions"}],"predecessor-version":[{"id":78392,"href":"https:\/\/lahora.mx\/index.php\/wp-json\/wp\/v2\/posts\/78390\/revisions\/78392"}],"wp:featuredmedia":[{"embeddable":true,"href":"https:\/\/lahora.mx\/index.php\/wp-json\/wp\/v2\/media\/78391"}],"wp:attachment":[{"href":"https:\/\/lahora.mx\/index.php\/wp-json\/wp\/v2\/media?parent=78390"}],"wp:term":[{"taxonomy":"category","embeddable":true,"href":"https:\/\/lahora.mx\/index.php\/wp-json\/wp\/v2\/categories?post=78390"},{"taxonomy":"post_tag","embeddable":true,"href":"https:\/\/lahora.mx\/index.php\/wp-json\/wp\/v2\/tags?post=78390"}],"curies":[{"name":"wp","href":"https:\/\/api.w.org\/{rel}","templated":true}]}}