{"id":78388,"date":"2026-03-06T04:57:15","date_gmt":"2026-03-06T04:57:15","guid":{"rendered":"https:\/\/lahora.mx\/?p=78388"},"modified":"2026-03-06T04:57:15","modified_gmt":"2026-03-06T04:57:15","slug":"321-mexicanos-han-sido-evacuados-de-medio-oriente-ante-la-escalada-de-conflictos","status":"publish","type":"post","link":"https:\/\/lahora.mx\/index.php\/2026\/03\/06\/321-mexicanos-han-sido-evacuados-de-medio-oriente-ante-la-escalada-de-conflictos\/","title":{"rendered":"321 mexicanos han sido evacuados de Medio Oriente ante la escalada de conflictos"},"content":{"rendered":"\n<p>Hasta el momento, 321 mexicanos han logrado salir de zonas de conflicto en Medio Oriente, seg\u00fan informaci\u00f3n de la Secretar\u00eda de Relaciones Exteriores (SRE). Los traslados se han realizado por rutas terrestres consideradas seguras desde pa\u00edses como Israel, Jordania, Ir\u00e1n, L\u00edbano, Emiratos \u00c1rabes Unidos y Qatar, mientras las autoridades locales empiezan a reabrir parcialmente sus espacios a\u00e9reos.<\/p>\n\n\n\n<p>El canciller Juan Ram\u00f3n de la Fuente encabez\u00f3 una videoreuni\u00f3n con los embajadores en la regi\u00f3n para revisar la situaci\u00f3n de los connacionales que permanecen en territorios afectados. En el encuentro participaron representantes en Palestina, Arabia Saudita y Egipto, adem\u00e1s de los embajadores en los principales pa\u00edses del conflicto.<br>Durante la reuni\u00f3n, se enfatiz\u00f3 la necesidad de reforzar la seguridad, tanto del personal diplom\u00e1tico como de los mexicanos en tr\u00e1nsito o residentes en la zona. Tambi\u00e9n se instruy\u00f3 a las misiones a coordinarse con autoridades locales para facilitar evacuaciones adicionales por aire, tierra o mar, seg\u00fan las condiciones lo permitan.<\/p>\n\n\n\n<p>Hasta el sexto d\u00eda de enfrentamientos, la SRE reporta que no hay connacionales lesionados ni v\u00edctimas mortales. No obstante, el n\u00famero de evacuados podr\u00eda incrementarse en las pr\u00f3ximas horas, ya que se siguen organizando m\u00e1s traslados. La dependencia mexicana reiter\u00f3 que quienes permanezcan en la regi\u00f3n deben seguir las recomendaciones de seguridad locales y mantener contacto constante con las embajadas.<\/p>\n","protected":false},"excerpt":{"rendered":"<p>Hasta el momento, 321 mexicanos han logrado salir de zonas de conflicto en Medio Oriente, seg\u00fan informaci\u00f3n de la Secretar\u00eda de Relaciones Exteriores (SRE). Los traslados se han realizado por rutas terrestres consideradas seguras desde pa\u00edses como Israel, Jordania, Ir\u00e1n, L\u00edbano, Emiratos \u00c1rabes Unidos y Qatar, mientras las autoridades locales empiezan a reabrir parcialmente sus [&hellip;]<\/p>\n","protected":false},"author":1,"featured_media":78396,"comment_status":"open","ping_status":"open","sticky":false,"template":"","format":"standard","meta":{"om_disable_all_campaigns":false,"_monsterinsights_skip_tracking":false,"_monsterinsights_sitenote_active":false,"_monsterinsights_sitenote_note":"","_monsterinsights_sitenote_category":0,"footnotes":""},"categories":[176],"tags":[],"class_list":["post-78388","post","type-post","status-publish","format-standard","has-post-thumbnail","hentry","category-nacional"],"amp_enabled":true,"_links":{"self":[{"href":"https:\/\/lahora.mx\/index.php\/wp-json\/wp\/v2\/posts\/78388","targetHints":{"allow":["GET"]}}],"collection":[{"href":"https:\/\/lahora.mx\/index.php\/wp-json\/wp\/v2\/posts"}],"about":[{"href":"https:\/\/lahora.mx\/index.php\/wp-json\/wp\/v2\/types\/post"}],"author":[{"embeddable":true,"href":"https:\/\/lahora.mx\/index.php\/wp-json\/wp\/v2\/users\/1"}],"replies":[{"embeddable":true,"href":"https:\/\/lahora.mx\/index.php\/wp-json\/wp\/v2\/comments?post=78388"}],"version-history":[{"count":1,"href":"https:\/\/lahora.mx\/index.php\/wp-json\/wp\/v2\/posts\/78388\/revisions"}],"predecessor-version":[{"id":78397,"href":"https:\/\/lahora.mx\/index.php\/wp-json\/wp\/v2\/posts\/78388\/revisions\/78397"}],"wp:featuredmedia":[{"embeddable":true,"href":"https:\/\/lahora.mx\/index.php\/wp-json\/wp\/v2\/media\/78396"}],"wp:attachment":[{"href":"https:\/\/lahora.mx\/index.php\/wp-json\/wp\/v2\/media?parent=78388"}],"wp:term":[{"taxonomy":"category","embeddable":true,"href":"https:\/\/lahora.mx\/index.php\/wp-json\/wp\/v2\/categories?post=78388"},{"taxonomy":"post_tag","embeddable":true,"href":"https:\/\/lahora.mx\/index.php\/wp-json\/wp\/v2\/tags?post=78388"}],"curies":[{"name":"wp","href":"https:\/\/api.w.org\/{rel}","templated":true}]}}