{"id":78382,"date":"2026-03-06T04:09:25","date_gmt":"2026-03-06T04:09:25","guid":{"rendered":"https:\/\/lahora.mx\/?p=78382"},"modified":"2026-03-06T04:09:26","modified_gmt":"2026-03-06T04:09:26","slug":"alito-moreno-pide-alianzas-con-pan-y-mc-jorge-romero-rechaza-coaliciones-para-2027","status":"publish","type":"post","link":"https:\/\/lahora.mx\/index.php\/2026\/03\/06\/alito-moreno-pide-alianzas-con-pan-y-mc-jorge-romero-rechaza-coaliciones-para-2027\/","title":{"rendered":"\u201cAlito\u201d Moreno pide alianzas con PAN y MC; Jorge Romero rechaza coaliciones para 2027"},"content":{"rendered":"\n<p>El dirigente nacional del PRI , Alejandro \u201cAlito\u201d Moreno , convoc\u00f3 al PAN y al Movimiento Ciudadano (MC) a construir alianzas rumbo a los pr\u00f3ximos procesos electorales, al sostener que la unidad de la oposici\u00f3n es necesaria para \u201c salvar a M\u00e9xico \u201d. A trav\u00e9s de redes sociales , el tambi\u00e9n senador argument\u00f3 que el pa\u00eds requiere \u201c altura de miras \u201d y \u201c responsabilidad hist\u00f3rica \u201d, y afirm\u00f3 que la divisi\u00f3n favorece a quienes actualmente concentran el poder , mientras que la unidad \u2014dijo\u2014 fortalece a M\u00e9xico.<\/p>\n\n\n\n<p>Para justificar su llamado, Moreno difundi\u00f3 un dec\u00e1logo en el que defendi\u00f3 que rechazar coaliciones para derrotar a Morena implica ignorar la realidad pol\u00edtica del pa\u00eds. En ese posicionamiento, plante\u00f3 que ante lo que describi\u00f3 como retrocesos democr\u00e1ticos , la oposici\u00f3n no deber\u00eda competir entre s\u00ed, y sostuvo que los cambios democr\u00e1ticos se alcanzan cuando distintas fuerzas pol\u00edticas logran unirse . Tambi\u00e9n se\u00f1al\u00f3 que anteponer intereses personales o partidistas al futuro nacional es un error, y afirm\u00f3 que las alianzas deben entenderse como una herramienta para defender la democracia , construir acuerdos , impulsar el equilibrio , fortalecer instituciones y exigir gobiernos que rindan cuentas .<br>Sin embargo, el presidente nacional del PAN , Jorge Romero Herrera , descart\u00f3 por ahora ese escenario. En entrevista con Radio F\u00f3rmula , asegur\u00f3 que, de cara a las elecciones de 2027 , el blanquiazul se mantendr\u00e1 sin alianzas y apostar\u00e1 a competir con su propia fuerza. Romero explic\u00f3 que la estrategia panista busca que cada partido opositor concentre sus votos en su propio espacio para que, al final, el oficialismo obtenga menos votos en la suma total. \u201c Por lo pronto no lo estamos viendo (las alianzas), y por lo pronto el PAN le va a apostar al Partido Acci\u00f3n Nacional \u201d, afirm\u00f3.<br><\/p>\n","protected":false},"excerpt":{"rendered":"<p>El dirigente nacional del PRI , Alejandro \u201cAlito\u201d Moreno , convoc\u00f3 al PAN y al Movimiento Ciudadano (MC) a construir alianzas rumbo a los pr\u00f3ximos procesos electorales, al sostener que la unidad de la oposici\u00f3n es necesaria para \u201c salvar a M\u00e9xico \u201d. A trav\u00e9s de redes sociales , el tambi\u00e9n senador argument\u00f3 que el [&hellip;]<\/p>\n","protected":false},"author":1,"featured_media":78383,"comment_status":"open","ping_status":"open","sticky":false,"template":"","format":"standard","meta":{"om_disable_all_campaigns":false,"_monsterinsights_skip_tracking":false,"_monsterinsights_sitenote_active":false,"_monsterinsights_sitenote_note":"","_monsterinsights_sitenote_category":0,"footnotes":""},"categories":[5],"tags":[],"class_list":["post-78382","post","type-post","status-publish","format-standard","has-post-thumbnail","hentry","category-politica"],"amp_enabled":true,"_links":{"self":[{"href":"https:\/\/lahora.mx\/index.php\/wp-json\/wp\/v2\/posts\/78382","targetHints":{"allow":["GET"]}}],"collection":[{"href":"https:\/\/lahora.mx\/index.php\/wp-json\/wp\/v2\/posts"}],"about":[{"href":"https:\/\/lahora.mx\/index.php\/wp-json\/wp\/v2\/types\/post"}],"author":[{"embeddable":true,"href":"https:\/\/lahora.mx\/index.php\/wp-json\/wp\/v2\/users\/1"}],"replies":[{"embeddable":true,"href":"https:\/\/lahora.mx\/index.php\/wp-json\/wp\/v2\/comments?post=78382"}],"version-history":[{"count":1,"href":"https:\/\/lahora.mx\/index.php\/wp-json\/wp\/v2\/posts\/78382\/revisions"}],"predecessor-version":[{"id":78384,"href":"https:\/\/lahora.mx\/index.php\/wp-json\/wp\/v2\/posts\/78382\/revisions\/78384"}],"wp:featuredmedia":[{"embeddable":true,"href":"https:\/\/lahora.mx\/index.php\/wp-json\/wp\/v2\/media\/78383"}],"wp:attachment":[{"href":"https:\/\/lahora.mx\/index.php\/wp-json\/wp\/v2\/media?parent=78382"}],"wp:term":[{"taxonomy":"category","embeddable":true,"href":"https:\/\/lahora.mx\/index.php\/wp-json\/wp\/v2\/categories?post=78382"},{"taxonomy":"post_tag","embeddable":true,"href":"https:\/\/lahora.mx\/index.php\/wp-json\/wp\/v2\/tags?post=78382"}],"curies":[{"name":"wp","href":"https:\/\/api.w.org\/{rel}","templated":true}]}}