{"id":78379,"date":"2026-03-06T03:47:07","date_gmt":"2026-03-06T03:47:07","guid":{"rendered":"https:\/\/lahora.mx\/?p=78379"},"modified":"2026-03-06T03:47:08","modified_gmt":"2026-03-06T03:47:08","slug":"trump-cuba-es-cuestion-de-tiempo","status":"publish","type":"post","link":"https:\/\/lahora.mx\/index.php\/2026\/03\/06\/trump-cuba-es-cuestion-de-tiempo\/","title":{"rendered":"Trump: \u201cCuba es cuesti\u00f3n de tiempo\u00bb"},"content":{"rendered":"\n<p>El presidente de Estados Unidos , Donald Trump , afirm\u00f3 que Cuba est\u00e1 \u201c desesperada \u201d por alcanzar un acuerdo con su administraci\u00f3n y asegur\u00f3 que la Casa Blanca se enfocar\u00e1 en la isla \u201c solo cuesti\u00f3n de tiempo \u201d, aunque primero \u2014dijo\u2014 su gobierno debe \u201c acabar \u201d la guerra contra Ir\u00e1n .<\/p>\n\n\n\n<p>El mandatario hizo esos comentarios durante un acto en la Casa Blanca para reconocer al equipo de f\u00fatbol Inter Miami por su t\u00edtulo de liga en 2025 . En ese contexto, dio a entender que la ofensiva militar iniciada recientemente contra Ir\u00e1n ha concentrado parte de la atenci\u00f3n de su gobierno.<br>En declaraciones previas citadas en el texto, Trump describi\u00f3 una eventual ca\u00edda del gobierno de Miguel D\u00edaz-Canel como \u201c la cereza del pastel \u201d y sostuvo que su administraci\u00f3n mantiene contacto con las autoridades cubanas. Tambi\u00e9n atribuy\u00f3 el deterioro de la situaci\u00f3n en la isla, en parte, a la presi\u00f3n aplicada por Washington, incluida la interrupci\u00f3n del suministro de petr\u00f3leo venezolano hacia Cuba, al vincularlo con los efectos que habr\u00eda tenido la ca\u00edda de Nicol\u00e1s Maduro en Venezuela .<\/p>\n\n\n\n<p>El reporte menciona adem\u00e1s versiones period\u00edsticas sobre contactos entre el secretario de Estado Marco Rubio y Ra\u00fal Guillermo Rodr\u00edguez Castro , nieto del expresidente cubano Ra\u00fal Castro , informaci\u00f3n que fue negada desde La Habana . De acuerdo con esos informes, se tratar\u00eda de acercamientos m\u00e1s que de negociaciones, con conversaciones sobre posibles reformas econ\u00f3micas graduales y una eventual retirada escalonada de sanciones de Washington.<\/p>\n","protected":false},"excerpt":{"rendered":"<p>El presidente de Estados Unidos , Donald Trump , afirm\u00f3 que Cuba est\u00e1 \u201c desesperada \u201d por alcanzar un acuerdo con su administraci\u00f3n y asegur\u00f3 que la Casa Blanca se enfocar\u00e1 en la isla \u201c solo cuesti\u00f3n de tiempo \u201d, aunque primero \u2014dijo\u2014 su gobierno debe \u201c acabar \u201d la guerra contra Ir\u00e1n . El [&hellip;]<\/p>\n","protected":false},"author":1,"featured_media":78380,"comment_status":"open","ping_status":"open","sticky":false,"template":"","format":"standard","meta":{"om_disable_all_campaigns":false,"_monsterinsights_skip_tracking":false,"_monsterinsights_sitenote_active":false,"_monsterinsights_sitenote_note":"","_monsterinsights_sitenote_category":0,"footnotes":""},"categories":[183],"tags":[195],"class_list":["post-78379","post","type-post","status-publish","format-standard","has-post-thumbnail","hentry","category-internacional","tag-principal"],"amp_enabled":true,"_links":{"self":[{"href":"https:\/\/lahora.mx\/index.php\/wp-json\/wp\/v2\/posts\/78379","targetHints":{"allow":["GET"]}}],"collection":[{"href":"https:\/\/lahora.mx\/index.php\/wp-json\/wp\/v2\/posts"}],"about":[{"href":"https:\/\/lahora.mx\/index.php\/wp-json\/wp\/v2\/types\/post"}],"author":[{"embeddable":true,"href":"https:\/\/lahora.mx\/index.php\/wp-json\/wp\/v2\/users\/1"}],"replies":[{"embeddable":true,"href":"https:\/\/lahora.mx\/index.php\/wp-json\/wp\/v2\/comments?post=78379"}],"version-history":[{"count":1,"href":"https:\/\/lahora.mx\/index.php\/wp-json\/wp\/v2\/posts\/78379\/revisions"}],"predecessor-version":[{"id":78381,"href":"https:\/\/lahora.mx\/index.php\/wp-json\/wp\/v2\/posts\/78379\/revisions\/78381"}],"wp:featuredmedia":[{"embeddable":true,"href":"https:\/\/lahora.mx\/index.php\/wp-json\/wp\/v2\/media\/78380"}],"wp:attachment":[{"href":"https:\/\/lahora.mx\/index.php\/wp-json\/wp\/v2\/media?parent=78379"}],"wp:term":[{"taxonomy":"category","embeddable":true,"href":"https:\/\/lahora.mx\/index.php\/wp-json\/wp\/v2\/categories?post=78379"},{"taxonomy":"post_tag","embeddable":true,"href":"https:\/\/lahora.mx\/index.php\/wp-json\/wp\/v2\/tags?post=78379"}],"curies":[{"name":"wp","href":"https:\/\/api.w.org\/{rel}","templated":true}]}}