{"id":78363,"date":"2026-03-06T00:43:40","date_gmt":"2026-03-06T00:43:40","guid":{"rendered":"https:\/\/lahora.mx\/?p=78363"},"modified":"2026-03-06T00:43:41","modified_gmt":"2026-03-06T00:43:41","slug":"mexico-y-eu-inician-proceso-de-revision-del-t-mec-anuncia-marcelo-ebrard","status":"publish","type":"post","link":"https:\/\/lahora.mx\/index.php\/2026\/03\/06\/mexico-y-eu-inician-proceso-de-revision-del-t-mec-anuncia-marcelo-ebrard\/","title":{"rendered":"M\u00e9xico y EU inician proceso de revisi\u00f3n del T-MEC, anuncia Marcelo Ebrard"},"content":{"rendered":"\n<p>El gobierno de M\u00e9xico y el de Estados Unidos anunciaron el inicio de discusiones bilaterales para preparar la Revisi\u00f3n Conjunta del Tratado entre M\u00e9xico, Estados Unidos y Canad\u00e1, conocido como T-MEC.<\/p>\n\n\n\n<p>El anuncio fue realizado por el secretario de Econom\u00eda, Marcelo Ebrard, y el representante comercial estadounidense, Jamieson Greer, quienes confirmaron que los equipos negociadores comenzar\u00e1n reuniones formales en marzo para analizar el futuro del acuerdo comercial que rige gran parte del intercambio econ\u00f3mico de Am\u00e9rica del Norte.<\/p>\n\n\n\n<p>\u201cPor instrucciones de la Presidenta Claudia Sheinbaum les informo de avance relevante respecto a la revisi\u00f3n del TMEC prevista para este a\u00f1o\u201d, dijo Ebrard y confirm\u00f3 que el lunes 16 de marzo, M\u00e9xico y EU iniciar\u00e1n una primera ronda de negociaciones.<\/p>\n\n\n\n<p>El proceso forma parte de la Revisi\u00f3n Conjunta del Tratado entre M\u00e9xico, Estados Unidos y Canad\u00e1 (T-MEC), mecanismo contemplado dentro del propio acuerdo para evaluar su funcionamiento y posibles ajustes entre los tres pa\u00edses firmantes: M\u00e9xico, Estados Unidos y Canad\u00e1.<\/p>\n\n\n\n<p>Durante el anuncio, ambos funcionarios instruyeron a sus equipos negociadores a iniciar conversaciones t\u00e9cnicas con el objetivo de garantizar que los beneficios del tratado comercial se mantengan principalmente dentro de la regi\u00f3n de Am\u00e9rica del Norte.<\/p>\n\n\n\n<p>Fortalecer cadenas de suministro y reglas de origen<br>Entre los temas que se abordar\u00e1n en las primeras discusiones destaca la reducci\u00f3n de la dependencia de importaciones provenientes de otras regiones del mundo, as\u00ed como el fortalecimiento de las reglas de origen dentro del T-MEC.<\/p>\n\n\n\n<p>Las autoridades tambi\u00e9n se\u00f1alaron que el proceso de revisi\u00f3n buscar\u00e1 reforzar la seguridad de las cadenas de suministro en Am\u00e9rica del Norte, una prioridad estrat\u00e9gica para los gobiernos ante los cambios en la econom\u00eda global y la reorganizaci\u00f3n del comercio internacional.<\/p>\n\n\n\n<p>Estas medidas pretenden impulsar la producci\u00f3n regional y asegurar que las ventajas del tratado beneficien principalmente a las econom\u00edas de M\u00e9xico, Estados Unidos y Canad\u00e1.<\/p>\n\n\n\n<p>Ebrard explic\u00f3 que el reto inmediato ser\u00e1 definir con claridad los objetivos finales de la revisi\u00f3n del acuerdo comercialFoto: Galo Ca\u00f1as | Cuartoscuro<br>Primera reuni\u00f3n de negociadores ser\u00e1 en marzo<br>De acuerdo con lo informado por los funcionarios, la primera reuni\u00f3n entre los equipos negociadores se llevar\u00e1 a cabo durante la semana del 16 de marzo.<\/p>\n\n\n\n<p>A partir de ese encuentro, las delegaciones de ambos pa\u00edses mantendr\u00e1n reuniones peri\u00f3dicas como parte del proceso formal de la Revisi\u00f3n Conjunta del T-MEC, que evaluar\u00e1 el funcionamiento del acuerdo comercial en \u00e1reas clave como comercio, inversi\u00f3n, manufactura y cadenas de suministro.<\/p>\n\n\n\n<p>Acuerdo clave para la econom\u00eda de Am\u00e9rica del Norte<\/p>\n\n\n\n<p>El T-MEC es actualmente uno de los acuerdos comerciales m\u00e1s importantes del mundo, ya que regula el intercambio econ\u00f3mico entre tres de las econom\u00edas m\u00e1s relevantes del continente.<\/p>\n\n\n\n<p>Para M\u00e9xico, el tratado representa la base de su relaci\u00f3n comercial con Estados Unidos y Canad\u00e1, especialmente en sectores como automotriz, manufactura, energ\u00eda y exportaciones agr\u00edcolas.<\/p>\n\n\n\n<p>La revisi\u00f3n prevista en los pr\u00f3ximos meses ser\u00e1 clave para definir ajustes que fortalezcan la integraci\u00f3n econ\u00f3mica regional y mantengan la competitividad de Am\u00e9rica del Norte frente a otros bloques comerciales. \u00a9 2025 Imagen &#8211; Exc\u00e9lsior. Todos los derechos reservados. El contenido de este sitio y de la edici\u00f3n impresa est\u00e1 protegido por la Ley Federal del Derecho de Autor. Prohibida la reproducci\u00f3n total o parcial sin autorizaci\u00f3n previa y por escrito. El material de terceros conserva sus propios derechos.<\/p>\n","protected":false},"excerpt":{"rendered":"<p>El gobierno de M\u00e9xico y el de Estados Unidos anunciaron el inicio de discusiones bilaterales para preparar la Revisi\u00f3n Conjunta del Tratado entre M\u00e9xico, Estados Unidos y Canad\u00e1, conocido como T-MEC. El anuncio fue realizado por el secretario de Econom\u00eda, Marcelo Ebrard, y el representante comercial estadounidense, Jamieson Greer, quienes confirmaron que los equipos negociadores [&hellip;]<\/p>\n","protected":false},"author":1,"featured_media":78364,"comment_status":"open","ping_status":"open","sticky":false,"template":"","format":"standard","meta":{"om_disable_all_campaigns":false,"_monsterinsights_skip_tracking":false,"_monsterinsights_sitenote_active":false,"_monsterinsights_sitenote_note":"","_monsterinsights_sitenote_category":0,"footnotes":""},"categories":[176],"tags":[],"class_list":["post-78363","post","type-post","status-publish","format-standard","has-post-thumbnail","hentry","category-nacional"],"amp_enabled":true,"_links":{"self":[{"href":"https:\/\/lahora.mx\/index.php\/wp-json\/wp\/v2\/posts\/78363","targetHints":{"allow":["GET"]}}],"collection":[{"href":"https:\/\/lahora.mx\/index.php\/wp-json\/wp\/v2\/posts"}],"about":[{"href":"https:\/\/lahora.mx\/index.php\/wp-json\/wp\/v2\/types\/post"}],"author":[{"embeddable":true,"href":"https:\/\/lahora.mx\/index.php\/wp-json\/wp\/v2\/users\/1"}],"replies":[{"embeddable":true,"href":"https:\/\/lahora.mx\/index.php\/wp-json\/wp\/v2\/comments?post=78363"}],"version-history":[{"count":1,"href":"https:\/\/lahora.mx\/index.php\/wp-json\/wp\/v2\/posts\/78363\/revisions"}],"predecessor-version":[{"id":78365,"href":"https:\/\/lahora.mx\/index.php\/wp-json\/wp\/v2\/posts\/78363\/revisions\/78365"}],"wp:featuredmedia":[{"embeddable":true,"href":"https:\/\/lahora.mx\/index.php\/wp-json\/wp\/v2\/media\/78364"}],"wp:attachment":[{"href":"https:\/\/lahora.mx\/index.php\/wp-json\/wp\/v2\/media?parent=78363"}],"wp:term":[{"taxonomy":"category","embeddable":true,"href":"https:\/\/lahora.mx\/index.php\/wp-json\/wp\/v2\/categories?post=78363"},{"taxonomy":"post_tag","embeddable":true,"href":"https:\/\/lahora.mx\/index.php\/wp-json\/wp\/v2\/tags?post=78363"}],"curies":[{"name":"wp","href":"https:\/\/api.w.org\/{rel}","templated":true}]}}