{"id":78350,"date":"2026-03-05T21:03:26","date_gmt":"2026-03-05T21:03:26","guid":{"rendered":"https:\/\/lahora.mx\/?p=78350"},"modified":"2026-03-05T21:03:27","modified_gmt":"2026-03-05T21:03:27","slug":"iran-ataca-con-drones-un-aeropuerto-azerbaiyan","status":"publish","type":"post","link":"https:\/\/lahora.mx\/index.php\/2026\/03\/05\/iran-ataca-con-drones-un-aeropuerto-azerbaiyan\/","title":{"rendered":"Ir\u00e1n ataca con drones un aeropuerto: Azerbaiy\u00e1n"},"content":{"rendered":"\n<p>El gobierno de Azerbaiy\u00e1n acus\u00f3 a Ir\u00e1n de lanzar ataques con drones contra su territorio, uno de los cuales impact\u00f3 en el aeropuerto internacional de Najichev\u00e1n, en el enclave azerbaiyano del mismo nombre, dejando al menos cuatro civiles heridos y da\u00f1os en infraestructura.<\/p>\n\n\n\n<p>El Ministerio de Relaciones Exteriores de Azerbaiy\u00e1n inform\u00f3 que varios drones procedentes de territorio iran\u00ed cruzaron la frontera y golpearon objetivos civiles, entre ellos la terminal del aeropuerto y una zona cercana a una escuela en la localidad de Shakarabad.<\/p>\n\n\n\n<p>El presidente Ilham Aliyev calific\u00f3 el ataque como \u201cun acto de terror y agresi\u00f3n infundada\u201d y orden\u00f3 a las fuerzas armadas del pa\u00eds preparar medidas de represalia ante lo que considera una violaci\u00f3n directa de su soberan\u00eda.<\/p>\n\n\n\n<p>Teher\u00e1n niega responsabilidad<\/p>\n\n\n\n<p>Las autoridades de Ir\u00e1n rechazaron las acusaciones y afirmaron que no han lanzado ataques contra Azerbaiy\u00e1n, prometiendo revisar la informaci\u00f3n sobre lo ocurrido.<\/p>\n\n\n\n<p>La ofensiva ocurre en un contexto de alta tensi\u00f3n regional, tras la escalada militar en Medio Oriente y el conflicto que involucra a Ir\u00e1n con Estados Unidos e Israel, lo que ha generado temores de que la guerra se extienda hacia el C\u00e1ucaso Sur.<\/p>\n\n\n\n<p>Medidas de seguridad y consecuencias<\/p>\n\n\n\n<p>Tras el incidente, Azerbaiy\u00e1n adopt\u00f3 varias medidas inmediatas:<\/p>\n\n\n\n<ul class=\"wp-block-list\">\n<li>Cierre temporal de su espacio a\u00e9reo en el sur del pa\u00eds.<\/li>\n\n\n\n<li>Suspensi\u00f3n del tr\u00e1nsito de camiones en la frontera con Ir\u00e1n, de casi 700 km.<\/li>\n\n\n\n<li>Convocatoria al embajador iran\u00ed en Bak\u00fa para exigir explicaciones.<\/li>\n<\/ul>\n\n\n\n<p>Analistas advierten que este episodio podr\u00eda abrir un nuevo frente en la crisis regional, ya que Azerbaiy\u00e1n mantiene estrechos v\u00ednculos militares con Israel y Turqu\u00eda, lo que aumenta el riesgo de una escalada geopol\u00edtica en el C\u00e1ucaso.<\/p>\n","protected":false},"excerpt":{"rendered":"<p>El gobierno de Azerbaiy\u00e1n acus\u00f3 a Ir\u00e1n de lanzar ataques con drones contra su territorio, uno de los cuales impact\u00f3 en el aeropuerto internacional de Najichev\u00e1n, en el enclave azerbaiyano del mismo nombre, dejando al menos cuatro civiles heridos y da\u00f1os en infraestructura. El Ministerio de Relaciones Exteriores de Azerbaiy\u00e1n inform\u00f3 que varios drones procedentes [&hellip;]<\/p>\n","protected":false},"author":1,"featured_media":78351,"comment_status":"open","ping_status":"open","sticky":false,"template":"","format":"standard","meta":{"om_disable_all_campaigns":false,"_monsterinsights_skip_tracking":false,"_monsterinsights_sitenote_active":false,"_monsterinsights_sitenote_note":"","_monsterinsights_sitenote_category":0,"footnotes":""},"categories":[183],"tags":[],"class_list":["post-78350","post","type-post","status-publish","format-standard","has-post-thumbnail","hentry","category-internacional"],"amp_enabled":true,"_links":{"self":[{"href":"https:\/\/lahora.mx\/index.php\/wp-json\/wp\/v2\/posts\/78350","targetHints":{"allow":["GET"]}}],"collection":[{"href":"https:\/\/lahora.mx\/index.php\/wp-json\/wp\/v2\/posts"}],"about":[{"href":"https:\/\/lahora.mx\/index.php\/wp-json\/wp\/v2\/types\/post"}],"author":[{"embeddable":true,"href":"https:\/\/lahora.mx\/index.php\/wp-json\/wp\/v2\/users\/1"}],"replies":[{"embeddable":true,"href":"https:\/\/lahora.mx\/index.php\/wp-json\/wp\/v2\/comments?post=78350"}],"version-history":[{"count":1,"href":"https:\/\/lahora.mx\/index.php\/wp-json\/wp\/v2\/posts\/78350\/revisions"}],"predecessor-version":[{"id":78352,"href":"https:\/\/lahora.mx\/index.php\/wp-json\/wp\/v2\/posts\/78350\/revisions\/78352"}],"wp:featuredmedia":[{"embeddable":true,"href":"https:\/\/lahora.mx\/index.php\/wp-json\/wp\/v2\/media\/78351"}],"wp:attachment":[{"href":"https:\/\/lahora.mx\/index.php\/wp-json\/wp\/v2\/media?parent=78350"}],"wp:term":[{"taxonomy":"category","embeddable":true,"href":"https:\/\/lahora.mx\/index.php\/wp-json\/wp\/v2\/categories?post=78350"},{"taxonomy":"post_tag","embeddable":true,"href":"https:\/\/lahora.mx\/index.php\/wp-json\/wp\/v2\/tags?post=78350"}],"curies":[{"name":"wp","href":"https:\/\/api.w.org\/{rel}","templated":true}]}}