{"id":78347,"date":"2026-03-05T20:42:00","date_gmt":"2026-03-05T20:42:00","guid":{"rendered":"https:\/\/lahora.mx\/?p=78347"},"modified":"2026-03-05T20:42:02","modified_gmt":"2026-03-05T20:42:02","slug":"pvem-en-puebla-acompanara-reforma-electoral-no-temen-rupturas-en-2027","status":"publish","type":"post","link":"https:\/\/lahora.mx\/index.php\/2026\/03\/05\/pvem-en-puebla-acompanara-reforma-electoral-no-temen-rupturas-en-2027\/","title":{"rendered":"PVEM en Puebla acompa\u00f1ar\u00e1 Reforma Electoral: no temen rupturas en 2027"},"content":{"rendered":"\n<p>El Partido Verde Ecologista de M\u00e9xico (PVEM) en el estado de Puebla acompa\u00f1ar\u00e1 la Reforma Electoral propuesta por la presidenta Claudia Sheinbaum Pardo, por lo que no temen rupturas en los comicios del pr\u00f3ximo 2027.<\/p>\n\n\n\n<p>Ante medios de comunicaci\u00f3n, el diputado local de la bancada, Jaime Natale Uranga, indic\u00f3 que se mantienen atentos de los espacios de representaci\u00f3n proporcional, dado que los cambios se producen en el Senado de la Rep\u00fablica.<br>\u201cLo considero muy bien, muy viable, pero pues estaremos atentos a ver el an\u00e1lisis, el Partido Verde hab\u00eda propuso algunas cosas, algunos ajustes, vamos a ver si est\u00e1 en el texto\u201d, agreg\u00f3.<\/p>\n\n\n\n<p>Previo a la firma de convenio entre la C\u00e1mara de Diputados y el Congreso de Puebla, mencion\u00f3 que verificar\u00e1n si es que las sugerencias que hicieron a la iniciativa aparecen en el documento a presentar, aunque a la dirigencia nacional y a los diputados, les tocar\u00e1 el an\u00e1lisis.<\/p>\n\n\n\n<p>Mientras tanto, en el estado de Puebla ir\u00e1n como la diligencia nacional, los diputados federales y senadores les digan en su momento.<\/p>\n\n\n\n<p>Aunque coment\u00f3 que, al final ha estado termina siendo consecuencia de esos acuerdos, ve en la entidad poblana un buen \u00e1nimo, raz\u00f3n por la que est\u00e1n decididos en acompa\u00f1ar las decisiones de la alianza y respaldar al gobernador Alejandro Armenta Mier.<\/p>\n\n\n\n<p>\u201cSiempre lo he dicho, vamos a acompa\u00f1ar. Estamos muy orgullosos de nuestro gobernador, pase lo que pase vamos a ir con Alejandro Armenta los seis a\u00f1os de su gobernador\u201d, expres\u00f3.<\/p>\n\n\n\n<p>En el caso de las regidur\u00edas, respondi\u00f3 que es algo que deber\u00e1n analizar con detenimiento, aunque no ve posible que exista una ruptura a nivel nacional, pero permanecer\u00e1n atentos de lo que pasa en los siguientes meses.<\/p>\n\n\n\n<p>Finalmente, Natale Uranga dijo que la propuesta se trata de un borrador para saber las posturas de los partidos y el enfoque que se tiene, tendr\u00e1 que someterse a una discusi\u00f3n que se enriquezca.<\/p>\n","protected":false},"excerpt":{"rendered":"<p>El Partido Verde Ecologista de M\u00e9xico (PVEM) en el estado de Puebla acompa\u00f1ar\u00e1 la Reforma Electoral propuesta por la presidenta Claudia Sheinbaum Pardo, por lo que no temen rupturas en los comicios del pr\u00f3ximo 2027. Ante medios de comunicaci\u00f3n, el diputado local de la bancada, Jaime Natale Uranga, indic\u00f3 que se mantienen atentos de los [&hellip;]<\/p>\n","protected":false},"author":1,"featured_media":78348,"comment_status":"open","ping_status":"open","sticky":false,"template":"","format":"standard","meta":{"om_disable_all_campaigns":false,"_monsterinsights_skip_tracking":false,"_monsterinsights_sitenote_active":false,"_monsterinsights_sitenote_note":"","_monsterinsights_sitenote_category":0,"footnotes":""},"categories":[5],"tags":[],"class_list":["post-78347","post","type-post","status-publish","format-standard","has-post-thumbnail","hentry","category-politica"],"amp_enabled":true,"_links":{"self":[{"href":"https:\/\/lahora.mx\/index.php\/wp-json\/wp\/v2\/posts\/78347","targetHints":{"allow":["GET"]}}],"collection":[{"href":"https:\/\/lahora.mx\/index.php\/wp-json\/wp\/v2\/posts"}],"about":[{"href":"https:\/\/lahora.mx\/index.php\/wp-json\/wp\/v2\/types\/post"}],"author":[{"embeddable":true,"href":"https:\/\/lahora.mx\/index.php\/wp-json\/wp\/v2\/users\/1"}],"replies":[{"embeddable":true,"href":"https:\/\/lahora.mx\/index.php\/wp-json\/wp\/v2\/comments?post=78347"}],"version-history":[{"count":1,"href":"https:\/\/lahora.mx\/index.php\/wp-json\/wp\/v2\/posts\/78347\/revisions"}],"predecessor-version":[{"id":78349,"href":"https:\/\/lahora.mx\/index.php\/wp-json\/wp\/v2\/posts\/78347\/revisions\/78349"}],"wp:featuredmedia":[{"embeddable":true,"href":"https:\/\/lahora.mx\/index.php\/wp-json\/wp\/v2\/media\/78348"}],"wp:attachment":[{"href":"https:\/\/lahora.mx\/index.php\/wp-json\/wp\/v2\/media?parent=78347"}],"wp:term":[{"taxonomy":"category","embeddable":true,"href":"https:\/\/lahora.mx\/index.php\/wp-json\/wp\/v2\/categories?post=78347"},{"taxonomy":"post_tag","embeddable":true,"href":"https:\/\/lahora.mx\/index.php\/wp-json\/wp\/v2\/tags?post=78347"}],"curies":[{"name":"wp","href":"https:\/\/api.w.org\/{rel}","templated":true}]}}