{"id":78331,"date":"2026-03-05T16:55:46","date_gmt":"2026-03-05T16:55:46","guid":{"rendered":"https:\/\/lahora.mx\/?p=78331"},"modified":"2026-03-05T16:55:47","modified_gmt":"2026-03-05T16:55:47","slug":"ataca-hombre-a-su-pareja-con-machete-en-comunidad-de-zautla","status":"publish","type":"post","link":"https:\/\/lahora.mx\/index.php\/2026\/03\/05\/ataca-hombre-a-su-pareja-con-machete-en-comunidad-de-zautla\/","title":{"rendered":"Ataca hombre a su pareja con machete en comunidad de Zautla"},"content":{"rendered":"\n<p>Una fuerte movilizaci\u00f3n de elementos de seguridad se present\u00f3 la noche del mi\u00e9rcoles en el municipio de Zautla por un hecho de violencia familiar, luego de que una mujer fue atacada con un machete presuntamente por su propia pareja, quien tras la agresi\u00f3n logr\u00f3 darse a la fuga.<\/p>\n\n\n\n<p>De acuerdo con los primeros reportes, la agresi\u00f3n ocurri\u00f3 en un domicilio de la comunidad de Zayolapan, sin que se sepan las causas, sin embargo, despu\u00e9s de o\u00edr los gritos de la mujer, la misma fue auxiliada por familiares, quienes se\u00f1alaron que el responsable fue la pareja sentimental de Catalina \u201cN\u201d de entre 55 y 60 a\u00f1os de edad, quien present\u00f3 una herida por un machete de aproximadamente 15 cent\u00edmetros en la mejilla derecha y que fue trasladada inicialmente en un veh\u00edculo oficial al Hospital General de Teziutl\u00e1n y posteriormente llevada al Hospital General de Tlatlauquitepec para recibir atenci\u00f3n especializada.<br><br>El presunto agresor fue identificado como \u00c1ngel \u201cN\u201d de 65 a\u00f1os de edad, quien tras herirla con el machete escap\u00f3 del lugar, sin que hasta el momento no se haya informado sobre su captura.<\/p>\n\n\n\n<p>Autoridades municipales acudieron a verificar los hechos e iniciaron la b\u00fasqueda del se\u00f1alado por lo que la salud de la v\u00edctima fue reportada como estable, pese a la gravedad de la lesi\u00f3n en el rostro.<\/p>\n\n\n\n<p>Cabe se\u00f1alar que tras la agresi\u00f3n, no se report\u00f3 el apoyo de alg\u00fan ciudadano al n\u00famero de emergencias, sino que el caso se conoci\u00f3 directamente en el hospital, cuando la mujer ingres\u00f3 para ser atendida por lo que las autoridades ya realizan investigan como un probable hecho de violencia de pareja, y se espera que en las pr\u00f3ximas horas se emita la correspondiente orden de b\u00fasqueda o aprehensi\u00f3n en contra de \u00c1ngel.<br><br><\/p>\n","protected":false},"excerpt":{"rendered":"<p>Una fuerte movilizaci\u00f3n de elementos de seguridad se present\u00f3 la noche del mi\u00e9rcoles en el municipio de Zautla por un hecho de violencia familiar, luego de que una mujer fue atacada con un machete presuntamente por su propia pareja, quien tras la agresi\u00f3n logr\u00f3 darse a la fuga. De acuerdo con los primeros reportes, la [&hellip;]<\/p>\n","protected":false},"author":1,"featured_media":78332,"comment_status":"open","ping_status":"open","sticky":false,"template":"","format":"standard","meta":{"om_disable_all_campaigns":false,"_monsterinsights_skip_tracking":false,"_monsterinsights_sitenote_active":false,"_monsterinsights_sitenote_note":"","_monsterinsights_sitenote_category":0,"footnotes":""},"categories":[226],"tags":[],"class_list":["post-78331","post","type-post","status-publish","format-standard","has-post-thumbnail","hentry","category-policia"],"amp_enabled":true,"_links":{"self":[{"href":"https:\/\/lahora.mx\/index.php\/wp-json\/wp\/v2\/posts\/78331","targetHints":{"allow":["GET"]}}],"collection":[{"href":"https:\/\/lahora.mx\/index.php\/wp-json\/wp\/v2\/posts"}],"about":[{"href":"https:\/\/lahora.mx\/index.php\/wp-json\/wp\/v2\/types\/post"}],"author":[{"embeddable":true,"href":"https:\/\/lahora.mx\/index.php\/wp-json\/wp\/v2\/users\/1"}],"replies":[{"embeddable":true,"href":"https:\/\/lahora.mx\/index.php\/wp-json\/wp\/v2\/comments?post=78331"}],"version-history":[{"count":1,"href":"https:\/\/lahora.mx\/index.php\/wp-json\/wp\/v2\/posts\/78331\/revisions"}],"predecessor-version":[{"id":78333,"href":"https:\/\/lahora.mx\/index.php\/wp-json\/wp\/v2\/posts\/78331\/revisions\/78333"}],"wp:featuredmedia":[{"embeddable":true,"href":"https:\/\/lahora.mx\/index.php\/wp-json\/wp\/v2\/media\/78332"}],"wp:attachment":[{"href":"https:\/\/lahora.mx\/index.php\/wp-json\/wp\/v2\/media?parent=78331"}],"wp:term":[{"taxonomy":"category","embeddable":true,"href":"https:\/\/lahora.mx\/index.php\/wp-json\/wp\/v2\/categories?post=78331"},{"taxonomy":"post_tag","embeddable":true,"href":"https:\/\/lahora.mx\/index.php\/wp-json\/wp\/v2\/tags?post=78331"}],"curies":[{"name":"wp","href":"https:\/\/api.w.org\/{rel}","templated":true}]}}