{"id":78322,"date":"2026-03-05T16:02:52","date_gmt":"2026-03-05T16:02:52","guid":{"rendered":"https:\/\/lahora.mx\/?p=78322"},"modified":"2026-03-05T16:02:53","modified_gmt":"2026-03-05T16:02:53","slug":"son-ejecutados-dentro-de-su-domicilio-en-libres","status":"publish","type":"post","link":"https:\/\/lahora.mx\/index.php\/2026\/03\/05\/son-ejecutados-dentro-de-su-domicilio-en-libres\/","title":{"rendered":"Son ejecutados dentro de su domicilio en Libres"},"content":{"rendered":"\n<p>Por un aparente ataque directo, dos hombres fueron ejecutados en el interior de su domicilio en el municipio de Libres la madrugada del mi\u00e9rcoles, situaci\u00f3n que gener\u00f3 una fuerte movilizaci\u00f3n de elementos de seguridad y prendi\u00f3 las alarmas en vecinos de la zona.<\/p>\n\n\n\n<p>El crimen ocurri\u00f3 este cuando al parecer, las v\u00edctimas conviv\u00edan con quien les quit\u00f3 la vida al interior de un domicilio ubicado en la Privada de San Juan, en el Barrio de Cuatzolco. Minutos m\u00e1s tarde, vecinos escucharon diversos disparos y posteriormente algunos vecinos vieron salir huyendo a un hombre.<br><br>Despu\u00e9s del doble asesinato, la esposa de uno de los afectado lleg\u00f3 al inmueble y al encontrar la escena del crimen, pidi\u00f3 auxilio a los n\u00fameros de emergencia, sin embargo, los param\u00e9dicos solo pudieron confirmar el deceso de ambos hombres.<\/p>\n\n\n\n<p>Las v\u00edctimas fueron identificadas como Omar \u00abG\u00bb. de 28 a\u00f1os y Edgar \u00abN\u00bb., y sus cuerpos fueron llevados al anfiteatro para la necropsia de ley y an\u00e1lisis correspondientes para esclarecer el m\u00f3vil del crimen.<\/p>\n\n\n\n<p>Hasta el momento no hay persona detenida por lo que ya inician las investigaciones correspondientes.<\/p>\n","protected":false},"excerpt":{"rendered":"<p>Por un aparente ataque directo, dos hombres fueron ejecutados en el interior de su domicilio en el municipio de Libres la madrugada del mi\u00e9rcoles, situaci\u00f3n que gener\u00f3 una fuerte movilizaci\u00f3n de elementos de seguridad y prendi\u00f3 las alarmas en vecinos de la zona. El crimen ocurri\u00f3 este cuando al parecer, las v\u00edctimas conviv\u00edan con quien [&hellip;]<\/p>\n","protected":false},"author":1,"featured_media":78323,"comment_status":"open","ping_status":"open","sticky":false,"template":"","format":"standard","meta":{"om_disable_all_campaigns":false,"_monsterinsights_skip_tracking":false,"_monsterinsights_sitenote_active":false,"_monsterinsights_sitenote_note":"","_monsterinsights_sitenote_category":0,"footnotes":""},"categories":[226],"tags":[],"class_list":["post-78322","post","type-post","status-publish","format-standard","has-post-thumbnail","hentry","category-policia"],"amp_enabled":true,"_links":{"self":[{"href":"https:\/\/lahora.mx\/index.php\/wp-json\/wp\/v2\/posts\/78322","targetHints":{"allow":["GET"]}}],"collection":[{"href":"https:\/\/lahora.mx\/index.php\/wp-json\/wp\/v2\/posts"}],"about":[{"href":"https:\/\/lahora.mx\/index.php\/wp-json\/wp\/v2\/types\/post"}],"author":[{"embeddable":true,"href":"https:\/\/lahora.mx\/index.php\/wp-json\/wp\/v2\/users\/1"}],"replies":[{"embeddable":true,"href":"https:\/\/lahora.mx\/index.php\/wp-json\/wp\/v2\/comments?post=78322"}],"version-history":[{"count":1,"href":"https:\/\/lahora.mx\/index.php\/wp-json\/wp\/v2\/posts\/78322\/revisions"}],"predecessor-version":[{"id":78324,"href":"https:\/\/lahora.mx\/index.php\/wp-json\/wp\/v2\/posts\/78322\/revisions\/78324"}],"wp:featuredmedia":[{"embeddable":true,"href":"https:\/\/lahora.mx\/index.php\/wp-json\/wp\/v2\/media\/78323"}],"wp:attachment":[{"href":"https:\/\/lahora.mx\/index.php\/wp-json\/wp\/v2\/media?parent=78322"}],"wp:term":[{"taxonomy":"category","embeddable":true,"href":"https:\/\/lahora.mx\/index.php\/wp-json\/wp\/v2\/categories?post=78322"},{"taxonomy":"post_tag","embeddable":true,"href":"https:\/\/lahora.mx\/index.php\/wp-json\/wp\/v2\/tags?post=78322"}],"curies":[{"name":"wp","href":"https:\/\/api.w.org\/{rel}","templated":true}]}}