{"id":78319,"date":"2026-03-05T15:59:27","date_gmt":"2026-03-05T15:59:27","guid":{"rendered":"https:\/\/lahora.mx\/?p=78319"},"modified":"2026-03-05T15:59:29","modified_gmt":"2026-03-05T15:59:29","slug":"sheinbaum-sorteara-su-entrada-para-la-apertura-del-mundial-2026","status":"publish","type":"post","link":"https:\/\/lahora.mx\/index.php\/2026\/03\/05\/sheinbaum-sorteara-su-entrada-para-la-apertura-del-mundial-2026\/","title":{"rendered":"Sheinbaum sortear\u00e1 su entrada para la apertura del Mundial 2026."},"content":{"rendered":"\n<p>Durante su conferencia matutina de este jueves, la presidenta Claudia Sheinbaum anunci\u00f3 que pondr\u00e1 en concurso su boleto para asistir a la inauguraci\u00f3n de la Copa Mundial de la FIFA 2026, que se celebrar\u00e1 el 11 de junio en el Estadio Azteca.<\/p>\n\n\n\n<p>La mandataria explic\u00f3 que la din\u00e1mica llevar\u00e1 por nombre \u201cRepresenta a M\u00e9xico en la Inauguraci\u00f3n del Mundial\u201d, y permitir\u00e1 que una joven mexicana sea quien acuda al evento en su lugar. Para participar, las aspirantes deber\u00e1n tener entre 16 y 25 a\u00f1os y enviar un video a la plataforma oficial de Mundial Social, donde compartir\u00e1n su mensaje para representar al pa\u00eds.<br><br>La ganadora ser\u00e1 seleccionada a partir de los videos recibidos y tendr\u00e1 la oportunidad de asistir al partido inaugural del torneo, uno de los eventos deportivos m\u00e1s importantes a nivel internacional.<\/p>\n\n\n\n<p>En el mismo contexto, Gabriela Cuevas, coordinadora de los trabajos del Mundial 2026 por parte del gobierno federal, inform\u00f3 que la FIFA liber\u00f3 las reservaciones de habitaciones que hab\u00eda apartado previamente en hoteles de las tres ciudades sede en M\u00e9xico: Ciudad de M\u00e9xico, Guadalajara y Monterrey.<\/p>\n\n\n\n<p>La funcionaria se\u00f1al\u00f3 que esta liberaci\u00f3n ocurri\u00f3 tras vencer el plazo de reserva, aunque asegur\u00f3 que no representa un problema, ya que existe un gran inter\u00e9s de visitantes nacionales y extranjeros por viajar al pa\u00eds durante la justa mundialista<\/p>\n","protected":false},"excerpt":{"rendered":"<p>Durante su conferencia matutina de este jueves, la presidenta Claudia Sheinbaum anunci\u00f3 que pondr\u00e1 en concurso su boleto para asistir a la inauguraci\u00f3n de la Copa Mundial de la FIFA 2026, que se celebrar\u00e1 el 11 de junio en el Estadio Azteca. La mandataria explic\u00f3 que la din\u00e1mica llevar\u00e1 por nombre \u201cRepresenta a M\u00e9xico en [&hellip;]<\/p>\n","protected":false},"author":1,"featured_media":78320,"comment_status":"open","ping_status":"open","sticky":false,"template":"","format":"standard","meta":{"om_disable_all_campaigns":false,"_monsterinsights_skip_tracking":false,"_monsterinsights_sitenote_active":false,"_monsterinsights_sitenote_note":"","_monsterinsights_sitenote_category":0,"footnotes":""},"categories":[176],"tags":[195],"class_list":["post-78319","post","type-post","status-publish","format-standard","has-post-thumbnail","hentry","category-nacional","tag-principal"],"amp_enabled":true,"_links":{"self":[{"href":"https:\/\/lahora.mx\/index.php\/wp-json\/wp\/v2\/posts\/78319","targetHints":{"allow":["GET"]}}],"collection":[{"href":"https:\/\/lahora.mx\/index.php\/wp-json\/wp\/v2\/posts"}],"about":[{"href":"https:\/\/lahora.mx\/index.php\/wp-json\/wp\/v2\/types\/post"}],"author":[{"embeddable":true,"href":"https:\/\/lahora.mx\/index.php\/wp-json\/wp\/v2\/users\/1"}],"replies":[{"embeddable":true,"href":"https:\/\/lahora.mx\/index.php\/wp-json\/wp\/v2\/comments?post=78319"}],"version-history":[{"count":1,"href":"https:\/\/lahora.mx\/index.php\/wp-json\/wp\/v2\/posts\/78319\/revisions"}],"predecessor-version":[{"id":78321,"href":"https:\/\/lahora.mx\/index.php\/wp-json\/wp\/v2\/posts\/78319\/revisions\/78321"}],"wp:featuredmedia":[{"embeddable":true,"href":"https:\/\/lahora.mx\/index.php\/wp-json\/wp\/v2\/media\/78320"}],"wp:attachment":[{"href":"https:\/\/lahora.mx\/index.php\/wp-json\/wp\/v2\/media?parent=78319"}],"wp:term":[{"taxonomy":"category","embeddable":true,"href":"https:\/\/lahora.mx\/index.php\/wp-json\/wp\/v2\/categories?post=78319"},{"taxonomy":"post_tag","embeddable":true,"href":"https:\/\/lahora.mx\/index.php\/wp-json\/wp\/v2\/tags?post=78319"}],"curies":[{"name":"wp","href":"https:\/\/api.w.org\/{rel}","templated":true}]}}