{"id":78306,"date":"2026-03-04T23:51:08","date_gmt":"2026-03-04T23:51:08","guid":{"rendered":"https:\/\/lahora.mx\/?p=78306"},"modified":"2026-03-04T23:51:10","modified_gmt":"2026-03-04T23:51:10","slug":"habra-suspension-de-clases-del-13-al-16-sep","status":"publish","type":"post","link":"https:\/\/lahora.mx\/index.php\/2026\/03\/04\/habra-suspension-de-clases-del-13-al-16-sep\/","title":{"rendered":"Habr\u00e1 suspensi\u00f3n de clases del 13 al 16: SEP"},"content":{"rendered":"\n<p>El ciclo escolar 2025-2026 trae consigo un puente escolar en marzo que alegrar\u00e1 a estudiantes de educaci\u00f3n b\u00e1sica en M\u00e9xico. De acuerdo con el calendario oficial de la Secretar\u00eda de Educaci\u00f3n P\u00fablica (SEP), las clases se suspender\u00e1n el viernes 13 de marzo de 2026 por actividades administrativas de los docentes, y se extender\u00e1 hasta el lunes 16 por el natalicio de Benito Ju\u00e1rez, generando cuatro d\u00edas consecutivos sin actividades escolares.<\/p>\n\n\n\n<p>La jornada del 13 de marzo corresponde al registro de calificaciones, un proceso en el que maestros y directivos capturan y actualizan los resultados acad\u00e9micos de los estudiantes. Estas actividades forman parte de los procesos administrativos peri\u00f3dicos que se realizan en escuelas p\u00fablicas y privadas incorporadas al Sistema Educativo Nacional, y permiten que la informaci\u00f3n acad\u00e9mica est\u00e9 al d\u00eda sin afectar las clases presenciales.<br>El calendario escolar vigente contempla 185 d\u00edas efectivos de clases, distribuidos a lo largo del ciclo escolar, incluyendo d\u00edas festivos oficiales, sesiones del Consejo T\u00e9cnico Escolar (CTE) y otras actividades administrativas o de evaluaci\u00f3n del personal docente. Las sesiones del CTE, generalmente los \u00faltimos viernes de cada mes, sirven para revisar avances del programa educativo, analizar resultados acad\u00e9micos y planear estrategias pedag\u00f3gicas.<\/p>\n\n\n\n<p>El puente de marzo combina un d\u00eda administrativo con un d\u00eda festivo oficial. Tras la suspensi\u00f3n del viernes 13, los estudiantes descansar\u00e1n s\u00e1bado y domingo, y no acudir\u00e1n a clases el lunes 16 por la conmemoraci\u00f3n del natalicio de Benito Ju\u00e1rez. De esta manera, regresar\u00e1n a las aulas el martes 17 de marzo, recuperando actividades escolares con normalidad.<\/p>\n\n\n\n<p>A lo largo del ciclo escolar 2025-2026, el calendario de la SEP contempla otras fechas importantes en las que no habr\u00e1 clases. Entre ellas destacan:<\/p>\n\n\n\n<p>1 de mayo: D\u00eda del Trabajo.<\/p>\n\n\n\n<p>5 de mayo: Conmemoraci\u00f3n de la Batalla de Puebla.<\/p>\n\n\n\n<p>15 de mayo: D\u00eda del Maestro.<\/p>\n\n\n\n<p>Periodo de Semana Santa: del 30 de marzo al 10 de abril de 2026.<\/p>\n\n\n\n<p>Adem\u00e1s, se programan sesiones del Consejo T\u00e9cnico Escolar en diferentes meses y otras jornadas administrativas, con el objetivo de garantizar que se cumplan los d\u00edas m\u00ednimos de clases establecidos legalmente, sin afectar la planeaci\u00f3n acad\u00e9mica ni la carga de trabajo docente.<\/p>\n","protected":false},"excerpt":{"rendered":"<p>El ciclo escolar 2025-2026 trae consigo un puente escolar en marzo que alegrar\u00e1 a estudiantes de educaci\u00f3n b\u00e1sica en M\u00e9xico. De acuerdo con el calendario oficial de la Secretar\u00eda de Educaci\u00f3n P\u00fablica (SEP), las clases se suspender\u00e1n el viernes 13 de marzo de 2026 por actividades administrativas de los docentes, y se extender\u00e1 hasta el [&hellip;]<\/p>\n","protected":false},"author":1,"featured_media":78307,"comment_status":"open","ping_status":"open","sticky":false,"template":"","format":"standard","meta":{"om_disable_all_campaigns":false,"_monsterinsights_skip_tracking":false,"_monsterinsights_sitenote_active":false,"_monsterinsights_sitenote_note":"","_monsterinsights_sitenote_category":0,"footnotes":""},"categories":[176],"tags":[195],"class_list":["post-78306","post","type-post","status-publish","format-standard","has-post-thumbnail","hentry","category-nacional","tag-principal"],"amp_enabled":true,"_links":{"self":[{"href":"https:\/\/lahora.mx\/index.php\/wp-json\/wp\/v2\/posts\/78306","targetHints":{"allow":["GET"]}}],"collection":[{"href":"https:\/\/lahora.mx\/index.php\/wp-json\/wp\/v2\/posts"}],"about":[{"href":"https:\/\/lahora.mx\/index.php\/wp-json\/wp\/v2\/types\/post"}],"author":[{"embeddable":true,"href":"https:\/\/lahora.mx\/index.php\/wp-json\/wp\/v2\/users\/1"}],"replies":[{"embeddable":true,"href":"https:\/\/lahora.mx\/index.php\/wp-json\/wp\/v2\/comments?post=78306"}],"version-history":[{"count":1,"href":"https:\/\/lahora.mx\/index.php\/wp-json\/wp\/v2\/posts\/78306\/revisions"}],"predecessor-version":[{"id":78308,"href":"https:\/\/lahora.mx\/index.php\/wp-json\/wp\/v2\/posts\/78306\/revisions\/78308"}],"wp:featuredmedia":[{"embeddable":true,"href":"https:\/\/lahora.mx\/index.php\/wp-json\/wp\/v2\/media\/78307"}],"wp:attachment":[{"href":"https:\/\/lahora.mx\/index.php\/wp-json\/wp\/v2\/media?parent=78306"}],"wp:term":[{"taxonomy":"category","embeddable":true,"href":"https:\/\/lahora.mx\/index.php\/wp-json\/wp\/v2\/categories?post=78306"},{"taxonomy":"post_tag","embeddable":true,"href":"https:\/\/lahora.mx\/index.php\/wp-json\/wp\/v2\/tags?post=78306"}],"curies":[{"name":"wp","href":"https:\/\/api.w.org\/{rel}","templated":true}]}}