{"id":78280,"date":"2026-03-04T20:09:31","date_gmt":"2026-03-04T20:09:31","guid":{"rendered":"https:\/\/lahora.mx\/?p=78280"},"modified":"2026-03-04T20:09:32","modified_gmt":"2026-03-04T20:09:32","slug":"279-mexicanos-son-evacuados-de-medio-oriente","status":"publish","type":"post","link":"https:\/\/lahora.mx\/index.php\/2026\/03\/04\/279-mexicanos-son-evacuados-de-medio-oriente\/","title":{"rendered":"279 mexicanos son evacuados de Medio Oriente"},"content":{"rendered":"\n<p>La presidenta de M\u00e9xico, Claudia Sheinbaum Pardo, dio a conocer que un total de 279 mexicanos han sido evacuados de Medio Oriente, ante la guerra que se registra en esa zona del mundo.<\/p>\n\n\n\n<p>Lo anterior tiene que ver con la suspensi\u00f3n de operaciones comerciales que se mantiene en varios aeropuertos de la zona de conflicto, por lo que las autoridades mexicanas han implementado rutas de extracci\u00f3n por v\u00eda terrestre.<br>Durante la conferencia matutina de la \u201cMa\u00f1anera del Pueblo\u201d realizada este mi\u00e9rcoles cuatro de marzo de 2026, los connacionales han sido trasladados desde pa\u00edses como Israel, Jordania, Emiratos \u00c1rabes Unidos, L\u00edbano y Qatar, con destino a naciones vecinas que mantienen su espacio a\u00e9reo abierto.<\/p>\n\n\n\n<p>Es as\u00ed que los principales puntos de recepci\u00f3n para que posteriormente se presente una repatriaci\u00f3n a\u00e9rea son Egipto, Jordania y Turqu\u00eda.<\/p>\n\n\n\n<p>Mientras que la Secretar\u00eda de Relaciones Exteriores (SRE) recuerda que todas las embajadas se mantienen operando en situaciones de alerta y en contacto con los mexicanos en Medio Oriente, tanto residentes como turistas varados, sin reportes de da\u00f1os a su integridad f\u00edsica.<\/p>\n\n\n\n<p>Las personas pueden comunicarse a los siguientes n\u00fameros telef\u00f3nicos:<\/p>\n\n\n\n<p>Embajada en Ir\u00e1n: +989121224463<\/p>\n\n\n\n<p>Embajada en Israel: 054-316-6717<\/p>\n\n\n\n<p>Embajada en Jordania: 0778 00 0494<\/p>\n\n\n\n<p>Embajada en Qatar: 3363 4450<\/p>\n\n\n\n<p>Embajada en Arabia Saudita: +966557539374<\/p>\n\n\n\n<p>Embajada en Kuwait: +965 9401 6333<\/p>\n\n\n\n<p>Embajada en EAU: 504 54 0273<\/p>\n\n\n\n<p>Embajada en L\u00edbano: 03 044 598<\/p>\n\n\n\n<p>Oficina de Representaci\u00f3n en Palestina: +972 54 447 0095<\/p>\n","protected":false},"excerpt":{"rendered":"<p>La presidenta de M\u00e9xico, Claudia Sheinbaum Pardo, dio a conocer que un total de 279 mexicanos han sido evacuados de Medio Oriente, ante la guerra que se registra en esa zona del mundo. Lo anterior tiene que ver con la suspensi\u00f3n de operaciones comerciales que se mantiene en varios aeropuertos de la zona de conflicto, [&hellip;]<\/p>\n","protected":false},"author":1,"featured_media":78281,"comment_status":"open","ping_status":"open","sticky":false,"template":"","format":"standard","meta":{"om_disable_all_campaigns":false,"_monsterinsights_skip_tracking":false,"_monsterinsights_sitenote_active":false,"_monsterinsights_sitenote_note":"","_monsterinsights_sitenote_category":0,"footnotes":""},"categories":[176],"tags":[195],"class_list":["post-78280","post","type-post","status-publish","format-standard","has-post-thumbnail","hentry","category-nacional","tag-principal"],"amp_enabled":true,"_links":{"self":[{"href":"https:\/\/lahora.mx\/index.php\/wp-json\/wp\/v2\/posts\/78280","targetHints":{"allow":["GET"]}}],"collection":[{"href":"https:\/\/lahora.mx\/index.php\/wp-json\/wp\/v2\/posts"}],"about":[{"href":"https:\/\/lahora.mx\/index.php\/wp-json\/wp\/v2\/types\/post"}],"author":[{"embeddable":true,"href":"https:\/\/lahora.mx\/index.php\/wp-json\/wp\/v2\/users\/1"}],"replies":[{"embeddable":true,"href":"https:\/\/lahora.mx\/index.php\/wp-json\/wp\/v2\/comments?post=78280"}],"version-history":[{"count":1,"href":"https:\/\/lahora.mx\/index.php\/wp-json\/wp\/v2\/posts\/78280\/revisions"}],"predecessor-version":[{"id":78282,"href":"https:\/\/lahora.mx\/index.php\/wp-json\/wp\/v2\/posts\/78280\/revisions\/78282"}],"wp:featuredmedia":[{"embeddable":true,"href":"https:\/\/lahora.mx\/index.php\/wp-json\/wp\/v2\/media\/78281"}],"wp:attachment":[{"href":"https:\/\/lahora.mx\/index.php\/wp-json\/wp\/v2\/media?parent=78280"}],"wp:term":[{"taxonomy":"category","embeddable":true,"href":"https:\/\/lahora.mx\/index.php\/wp-json\/wp\/v2\/categories?post=78280"},{"taxonomy":"post_tag","embeddable":true,"href":"https:\/\/lahora.mx\/index.php\/wp-json\/wp\/v2\/tags?post=78280"}],"curies":[{"name":"wp","href":"https:\/\/api.w.org\/{rel}","templated":true}]}}