{"id":78246,"date":"2026-03-04T15:28:14","date_gmt":"2026-03-04T15:28:14","guid":{"rendered":"https:\/\/lahora.mx\/?p=78246"},"modified":"2026-03-04T15:28:15","modified_gmt":"2026-03-04T15:28:15","slug":"hallan-sin-vida-a-ana-karen-nute-tras-desaparicion-en-el-estado-de-mexico","status":"publish","type":"post","link":"https:\/\/lahora.mx\/index.php\/2026\/03\/04\/hallan-sin-vida-a-ana-karen-nute-tras-desaparicion-en-el-estado-de-mexico\/","title":{"rendered":"Hall\u00e1n sin vida a Ana Karen Nute tras desaparici\u00f3n en el Estado de M\u00e9xico"},"content":{"rendered":"\n<p>Ana Karen Nute T\u00e9llez, joven de 19 a\u00f1os que hab\u00eda sido reportada como desaparecida en el Estado de M\u00e9xico, fue localizada sin vida luego de varios d\u00edas de b\u00fasqueda.<\/p>\n\n\n\n<p>De acuerdo con la informaci\u00f3n difundida por autoridades y familiares, la joven fue vista por \u00faltima vez el 28 de febrero de 2026 en el fraccionamiento Villas del Sauce, en el municipio de San Antonio la Isla, despu\u00e9s de asistir a una fiesta.<br>Seg\u00fan los reportes, Ana Karen solicit\u00f3 un viaje en motocicleta de plataforma digital para regresar a su destino; sin embargo, aunque en la aplicaci\u00f3n el trayecto apareci\u00f3 como \u201cconcluido\u201d, posteriormente se perdi\u00f3 todo contacto con ella.<\/p>\n\n\n\n<p>Familiares y autoridades iniciaron su b\u00fasqueda tras perder comunicaci\u00f3n con ella, lo que deriv\u00f3 en la difusi\u00f3n de su ficha a trav\u00e9s de la Comisi\u00f3n de B\u00fasqueda de Personas del Estado de M\u00e9xico.<\/p>\n","protected":false},"excerpt":{"rendered":"<p>Ana Karen Nute T\u00e9llez, joven de 19 a\u00f1os que hab\u00eda sido reportada como desaparecida en el Estado de M\u00e9xico, fue localizada sin vida luego de varios d\u00edas de b\u00fasqueda. De acuerdo con la informaci\u00f3n difundida por autoridades y familiares, la joven fue vista por \u00faltima vez el 28 de febrero de 2026 en el fraccionamiento [&hellip;]<\/p>\n","protected":false},"author":1,"featured_media":78247,"comment_status":"open","ping_status":"open","sticky":false,"template":"","format":"standard","meta":{"om_disable_all_campaigns":false,"_monsterinsights_skip_tracking":false,"_monsterinsights_sitenote_active":false,"_monsterinsights_sitenote_note":"","_monsterinsights_sitenote_category":0,"footnotes":""},"categories":[226],"tags":[],"class_list":["post-78246","post","type-post","status-publish","format-standard","has-post-thumbnail","hentry","category-policia"],"amp_enabled":true,"_links":{"self":[{"href":"https:\/\/lahora.mx\/index.php\/wp-json\/wp\/v2\/posts\/78246","targetHints":{"allow":["GET"]}}],"collection":[{"href":"https:\/\/lahora.mx\/index.php\/wp-json\/wp\/v2\/posts"}],"about":[{"href":"https:\/\/lahora.mx\/index.php\/wp-json\/wp\/v2\/types\/post"}],"author":[{"embeddable":true,"href":"https:\/\/lahora.mx\/index.php\/wp-json\/wp\/v2\/users\/1"}],"replies":[{"embeddable":true,"href":"https:\/\/lahora.mx\/index.php\/wp-json\/wp\/v2\/comments?post=78246"}],"version-history":[{"count":1,"href":"https:\/\/lahora.mx\/index.php\/wp-json\/wp\/v2\/posts\/78246\/revisions"}],"predecessor-version":[{"id":78248,"href":"https:\/\/lahora.mx\/index.php\/wp-json\/wp\/v2\/posts\/78246\/revisions\/78248"}],"wp:featuredmedia":[{"embeddable":true,"href":"https:\/\/lahora.mx\/index.php\/wp-json\/wp\/v2\/media\/78247"}],"wp:attachment":[{"href":"https:\/\/lahora.mx\/index.php\/wp-json\/wp\/v2\/media?parent=78246"}],"wp:term":[{"taxonomy":"category","embeddable":true,"href":"https:\/\/lahora.mx\/index.php\/wp-json\/wp\/v2\/categories?post=78246"},{"taxonomy":"post_tag","embeddable":true,"href":"https:\/\/lahora.mx\/index.php\/wp-json\/wp\/v2\/tags?post=78246"}],"curies":[{"name":"wp","href":"https:\/\/api.w.org\/{rel}","templated":true}]}}