{"id":78239,"date":"2026-03-04T15:11:51","date_gmt":"2026-03-04T15:11:51","guid":{"rendered":"https:\/\/lahora.mx\/?p=78239"},"modified":"2026-03-04T15:12:38","modified_gmt":"2026-03-04T15:12:38","slug":"el-papa-destaca-la-importancia-urgentemente-de-esforzarse-por-la-paz-mundial","status":"publish","type":"post","link":"https:\/\/lahora.mx\/index.php\/2026\/03\/04\/el-papa-destaca-la-importancia-urgentemente-de-esforzarse-por-la-paz-mundial\/","title":{"rendered":"El Papa destaca la importancia urgentemente de esforzarse por la paz mundial."},"content":{"rendered":"\n<p>\u201cOrar por la paz, trabajar por la paz, menos odio\u201d, es el mensaje que comparti\u00f3 el Papa Le\u00f3n XIV con un grupo de periodistas cerca de Villa Barberini, su residencia en Castel Gandolfo, donde altern\u00f3 entre su tiempo de descanso y sus labores habituales.<\/p>\n\n\n\n<p>A medida que los ataques aumentan en Medio Oriente y la tensi\u00f3n y el miedo crecen a nivel global, el Pont\u00edfice hace un llamado a buscar la paz. Al mismo tiempo, anima a \u00abrealmente fomentar el di\u00e1logo\u00bb y a \u00abhallar soluciones sin el uso de la fuerza para solucionar los conflictos\u00bb.<\/p>\n\n\n\n<p>Estas declaraciones recuerdan a las que hizo el domingo pasado durante el \u00c1ngelus, en relaci\u00f3n con el ataque de Estados Unidos e Israel en contra de Ir\u00e1n, as\u00ed como los bombardeos de este \u00faltimo en distintas zonas de Medio Oriente. En ese momento, Le\u00f3n XIV afirm\u00f3:<\/p>\n\n\n\n<p>\u00abEstoy siguiendo con gran preocupaci\u00f3n la situaci\u00f3n actual en Medio Oriente y en Ir\u00e1n durante estos momentos tan dif\u00edciles. La paz y la estabilidad no se logran a trav\u00e9s de amenazas, ni con armas que solo traen destrucci\u00f3n, dolor y muerte, sino exclusivamente mediante un di\u00e1logo razonable, aut\u00e9ntico y responsable\u00bb.<\/p>\n\n\n\n<p>\u00abCon la posibilidad de una tragedia de gran magnitud, a\u00f1adi\u00f3 el Pont\u00edfice, hago un fuerte llamado a las partes involucradas para que asuman su responsabilidad moral de poner fin a la escalada de violencia antes de que se vuelva algo irreversible. Que la diplomacia retome su lugar y se busque el bienestar de los pueblos, que desean vivir en paz, fundamentados en la justicia. Y sigamos orando por la paz\u00bb.<br><br>Con la inauguraci\u00f3n de la rehabilitaci\u00f3n integral de 3 mil 429 metros cuadrados de canchas deportivas en el Seminario Palafoxiano, el gobernador Alejandro Armenta Mier consolid\u00f3 una acci\u00f3n de obra comunitaria que fortalece la formaci\u00f3n integral, la salud y el bienestar de quienes se preparan para el ministerio sacerdotal en Puebla.<\/p>\n\n\n\n<p>Acompa\u00f1ado por el titular de la Arquidi\u00f3cesis de Puebla, arzobispo, Monse\u00f1or V\u00edctor S\u00e1nchez Espinosa, as\u00ed como por el secretario de Infraestructura, Jos\u00e9 Manuel Contreras de los Santos, y autoridades estatales, el mandatario poblano, Alejandro Armenta destac\u00f3 que esta intervenci\u00f3n responde a una gesti\u00f3n iniciada en 2025 y que tendr\u00e1 continuidad durante 2026 con nuevas etapas de desarrollo deportivo. Subray\u00f3 que la obra comunitaria es un modelo incluyente que atiende por igual a comunidades educativas, religiosas, sociales y civiles que lo soliciten de manera formal y conforme a la normatividad vigente.<\/p>\n\n\n\n<p>El secretario de Infraestructura inform\u00f3 que los trabajos mejoraron las condiciones de las canchas del seminario mayor y menor, esto garantiza espacios seguros y funcionales para la pr\u00e1ctica de b\u00e1squetbol y f\u00fatbol. Como parte de la segunda etapa, se proyecta la construcci\u00f3n de un \u00e1rea de front\u00f3n y dos canchas de tenis, adem\u00e1s de la rehabilitaci\u00f3n de una cisterna para implementar un sistema de captaci\u00f3n de agua pluvial que permita el riego sustentable de una cancha con pasto natural, lo que prioriza el uso responsable del recurso h\u00eddrico.<\/p>\n\n\n\n<p>En su intervenci\u00f3n, el arzobispo V\u00edctor S\u00e1nchez Espinosa agradeci\u00f3 el respaldo del Gobierno del Estado y reconoci\u00f3 la disposici\u00f3n institucional para fortalecer los espacios formativos del seminario, que cuenta con siete sedes en la entidad y es la casa central donde se imparten estudios de filosof\u00eda y teolog\u00eda.<\/p>\n\n\n\n<p>Durante el evento, seminaristas y sacerdotes reconocieron el respaldo del Gobierno del Estado. Adael Villalba, seminarista del Seminario Palafoxiano, destac\u00f3 que las nuevas canchas permiten promover el deporte y fortalecer su vocaci\u00f3n en un ambiente sano, mientras que el padre Jos\u00e9 Luis, vicario en la parroquia de Guadalupe Volcanes, subray\u00f3 que estas obras incentivan el cuidado de la salud y reflejan una relaci\u00f3n respetuosa y constructiva entre Iglesia y Estado.<\/p>\n\n\n\n<p>Con acciones como esta, el Gobierno del Estado de Puebla reafirma que la obra comunitaria es una herramienta abierta a todos los sectores que requieran mejorar sus espacios, y consolida alianzas sociales que impulsan el bienestar y el desarrollo integral de las y los poblanos.<\/p>\n","protected":false},"excerpt":{"rendered":"<p>\u201cOrar por la paz, trabajar por la paz, menos odio\u201d, es el mensaje que comparti\u00f3 el Papa Le\u00f3n XIV con un grupo de periodistas cerca de Villa Barberini, su residencia en Castel Gandolfo, donde altern\u00f3 entre su tiempo de descanso y sus labores habituales. A medida que los ataques aumentan en Medio Oriente y la [&hellip;]<\/p>\n","protected":false},"author":1,"featured_media":78240,"comment_status":"open","ping_status":"open","sticky":false,"template":"","format":"standard","meta":{"om_disable_all_campaigns":false,"_monsterinsights_skip_tracking":false,"_monsterinsights_sitenote_active":false,"_monsterinsights_sitenote_note":"","_monsterinsights_sitenote_category":0,"footnotes":""},"categories":[183],"tags":[],"class_list":["post-78239","post","type-post","status-publish","format-standard","has-post-thumbnail","hentry","category-internacional"],"amp_enabled":true,"_links":{"self":[{"href":"https:\/\/lahora.mx\/index.php\/wp-json\/wp\/v2\/posts\/78239","targetHints":{"allow":["GET"]}}],"collection":[{"href":"https:\/\/lahora.mx\/index.php\/wp-json\/wp\/v2\/posts"}],"about":[{"href":"https:\/\/lahora.mx\/index.php\/wp-json\/wp\/v2\/types\/post"}],"author":[{"embeddable":true,"href":"https:\/\/lahora.mx\/index.php\/wp-json\/wp\/v2\/users\/1"}],"replies":[{"embeddable":true,"href":"https:\/\/lahora.mx\/index.php\/wp-json\/wp\/v2\/comments?post=78239"}],"version-history":[{"count":2,"href":"https:\/\/lahora.mx\/index.php\/wp-json\/wp\/v2\/posts\/78239\/revisions"}],"predecessor-version":[{"id":78242,"href":"https:\/\/lahora.mx\/index.php\/wp-json\/wp\/v2\/posts\/78239\/revisions\/78242"}],"wp:featuredmedia":[{"embeddable":true,"href":"https:\/\/lahora.mx\/index.php\/wp-json\/wp\/v2\/media\/78240"}],"wp:attachment":[{"href":"https:\/\/lahora.mx\/index.php\/wp-json\/wp\/v2\/media?parent=78239"}],"wp:term":[{"taxonomy":"category","embeddable":true,"href":"https:\/\/lahora.mx\/index.php\/wp-json\/wp\/v2\/categories?post=78239"},{"taxonomy":"post_tag","embeddable":true,"href":"https:\/\/lahora.mx\/index.php\/wp-json\/wp\/v2\/tags?post=78239"}],"curies":[{"name":"wp","href":"https:\/\/api.w.org\/{rel}","templated":true}]}}