{"id":78232,"date":"2026-03-04T00:17:11","date_gmt":"2026-03-04T00:17:11","guid":{"rendered":"https:\/\/lahora.mx\/?p=78232"},"modified":"2026-03-04T00:17:12","modified_gmt":"2026-03-04T00:17:12","slug":"aprobacion-de-la-reforma-a-la-ley-federal-del-trabajo-para-asegurar-la-desconexion-digital","status":"publish","type":"post","link":"https:\/\/lahora.mx\/index.php\/2026\/03\/04\/aprobacion-de-la-reforma-a-la-ley-federal-del-trabajo-para-asegurar-la-desconexion-digital\/","title":{"rendered":"Aprobaci\u00f3n\u00a0de la\u00a0reforma a la Ley Federal del Trabajo para\u00a0asegurar\u00a0la desconexi\u00f3n digital"},"content":{"rendered":"\n<p>El dictamen que modifica la Ley Federal del Trabajo fue aprobado por la C\u00e1mara de Diputados, integrando el derecho a la desconexi\u00f3n digital. Esto busca salvaguardar los horarios laborales y el tiempo de descanso de los trabajadores.<\/p>\n\n\n\n<p>Con 447 votos positivos y sin abstenciones ni votos en contra, el proyecto recibi\u00f3 aprobaci\u00f3n tanto en lo general como en lo particular. Se establecieron pautas definidas para evitar que el trabajo interfiera en la vida personal fuera del horario de trabajo. La reforma tiene como objetivo asegurar que los empleados no est\u00e9n obligados a contestar mensajes, correos electr\u00f3nicos o llamadas laborales una vez que termine su jornada, promoviendo as\u00ed un balance entre la vida profesional y personal.<\/p>\n\n\n\n<p>Con esta modificaci\u00f3n, el Congreso est\u00e1 avanzando en la actualizaci\u00f3n de las leyes frente a los nuevos desaf\u00edos que presentan las tecnolog\u00edas digitales en el trabajo, protegiendo as\u00ed los derechos de los trabajadores.<\/p>\n","protected":false},"excerpt":{"rendered":"<p>El dictamen que modifica la Ley Federal del Trabajo fue aprobado por la C\u00e1mara de Diputados, integrando el derecho a la desconexi\u00f3n digital. Esto busca salvaguardar los horarios laborales y el tiempo de descanso de los trabajadores. Con 447 votos positivos y sin abstenciones ni votos en contra, el proyecto recibi\u00f3 aprobaci\u00f3n tanto en lo [&hellip;]<\/p>\n","protected":false},"author":1,"featured_media":78233,"comment_status":"open","ping_status":"open","sticky":false,"template":"","format":"standard","meta":{"om_disable_all_campaigns":false,"_monsterinsights_skip_tracking":false,"_monsterinsights_sitenote_active":false,"_monsterinsights_sitenote_note":"","_monsterinsights_sitenote_category":0,"footnotes":""},"categories":[176],"tags":[195],"class_list":["post-78232","post","type-post","status-publish","format-standard","has-post-thumbnail","hentry","category-nacional","tag-principal"],"amp_enabled":true,"_links":{"self":[{"href":"https:\/\/lahora.mx\/index.php\/wp-json\/wp\/v2\/posts\/78232","targetHints":{"allow":["GET"]}}],"collection":[{"href":"https:\/\/lahora.mx\/index.php\/wp-json\/wp\/v2\/posts"}],"about":[{"href":"https:\/\/lahora.mx\/index.php\/wp-json\/wp\/v2\/types\/post"}],"author":[{"embeddable":true,"href":"https:\/\/lahora.mx\/index.php\/wp-json\/wp\/v2\/users\/1"}],"replies":[{"embeddable":true,"href":"https:\/\/lahora.mx\/index.php\/wp-json\/wp\/v2\/comments?post=78232"}],"version-history":[{"count":1,"href":"https:\/\/lahora.mx\/index.php\/wp-json\/wp\/v2\/posts\/78232\/revisions"}],"predecessor-version":[{"id":78234,"href":"https:\/\/lahora.mx\/index.php\/wp-json\/wp\/v2\/posts\/78232\/revisions\/78234"}],"wp:featuredmedia":[{"embeddable":true,"href":"https:\/\/lahora.mx\/index.php\/wp-json\/wp\/v2\/media\/78233"}],"wp:attachment":[{"href":"https:\/\/lahora.mx\/index.php\/wp-json\/wp\/v2\/media?parent=78232"}],"wp:term":[{"taxonomy":"category","embeddable":true,"href":"https:\/\/lahora.mx\/index.php\/wp-json\/wp\/v2\/categories?post=78232"},{"taxonomy":"post_tag","embeddable":true,"href":"https:\/\/lahora.mx\/index.php\/wp-json\/wp\/v2\/tags?post=78232"}],"curies":[{"name":"wp","href":"https:\/\/api.w.org\/{rel}","templated":true}]}}