{"id":78043,"date":"2026-03-02T02:28:56","date_gmt":"2026-03-02T02:28:56","guid":{"rendered":"https:\/\/lahora.mx\/?p=78043"},"modified":"2026-03-02T02:28:57","modified_gmt":"2026-03-02T02:28:57","slug":"francia-alemania-y-reino-unido-amenazan-con-atacar-iran","status":"publish","type":"post","link":"https:\/\/lahora.mx\/index.php\/2026\/03\/02\/francia-alemania-y-reino-unido-amenazan-con-atacar-iran\/","title":{"rendered":"Francia, Alemania y Reino Unido amenazan con atacar Ir\u00e1n"},"content":{"rendered":"\n<p>Los gobiernos de Alemania, Francia y Reino Unido emitieron este domingo 1 de marzo una declaraci\u00f3n conjunta de m\u00e1xima urgencia sobre la situaci\u00f3n en Oriente Medio.<\/p>\n\n\n\n<p>En el texto, las tres potencias europeas (conocidas como el bloque E3) advirtieron que est\u00e1n dispuestas a tomar \u2018acciones defensivas\u2019 directas contra Ir\u00e1n, incluyendo la destrucci\u00f3n de sus capacidades de ataque.<\/p>\n\n\n\n<p>La advertencia europea no es una simple condena diplom\u00e1tica; representa una amenaza real de intervenci\u00f3n militar. Seg\u00fan el comunicado difundido por agencias como AFP y Europa Press, los tres pa\u00edses estudian la posibilidad de atacar &#8216;en origen&#8217; las lanzaderas de misiles y drones iran\u00edes.<\/p>\n\n\n\n<p>El objetivo es neutralizar la capacidad de fuego de Teher\u00e1n antes de que los proyectiles sean disparados contra objetivos aliados o personal civil en la regi\u00f3n del Golfo.<\/p>\n\n\n\n<p>El bloque E3 se dijo dispuesto a tomar \u2018acciones defensivas\u2019 directas contra Ir\u00e1nAFP<br>Consternaci\u00f3n por ataques \u2018indiscriminados\u2019<br>La postura del bloque europeo se endureci\u00f3 tras los recientes bombardeos lanzados por la Rep\u00fablica Isl\u00e1mica. Las capitales europeas se declararon \u00abconsternadas por los ataques indiscriminados y desproporcionados con misiles lanzados por Ir\u00e1n contra pa\u00edses de la regi\u00f3n\u00bb.<\/p>\n\n\n\n<p>Un punto de especial fricci\u00f3n para Berl\u00edn, Par\u00eds y Londres es que la ofensiva iran\u00ed ha alcanzado a naciones que, hasta el momento, se hab\u00edan mantenido al margen del conflicto.<\/p>\n\n\n\n<p>\u00abLos ataques han ido contra pa\u00edses de la regi\u00f3n, incluidos aquellos que no participaron en las operaciones militares iniciales de Estados Unidos e Israel\u00bb, se\u00f1ala el documento oficial.<br>Esta situaci\u00f3n ha sido calificada por los l\u00edderes europeos como un acto &#8216;insensato&#8217; que pone en riesgo tanto a personal militar como a civiles de diversas nacionalidades en toda la zona.<\/p>\n\n\n\n<p>\u00bfA qu\u00e9 se refieren con destrucci\u00f3n \u2018en origen\u2019?<br>El punto m\u00e1s cr\u00edtico de la declaraci\u00f3n conjunta radica en la naturaleza de la respuesta planeada:<\/p>\n\n\n\n<p>\u00abVamos a adoptar medidas para defender nuestros intereses y los de nuestros aliados en la regi\u00f3n, potencialmente activando las acciones defensivas necesarias y proporcionadas para destruir en origen la capacidad de Ir\u00e1n para disparar misiles y drones\u00bb, afirmaron de manera tajante.<br>Este concepto de \u2018destrucci\u00f3n en origen\u2019 implica que las fuerzas a\u00e9reas o sistemas de misiles de Francia, Alemania y el Reino Unido podr\u00edan intervenir directamente dentro de las fronteras o zonas de influencia controladas por Ir\u00e1n para eliminar sus rampas de lanzamiento y almacenes de drones suicidas antes de que sean utilizados.<\/p>\n\n\n\n<p>Alemania, Francia y Reino Unido se suman a la postura de EU y otros aliados en la regi\u00f3n.AFP<br>El bloque europeo dej\u00f3 claro que no actuar\u00e1 de forma aislada. En su comunicado, confirm\u00f3 que acord\u00f3 trabajar de manera estrecha y coordinada con Estados Unidos y otros aliados regionales para abordar lo que consideran una amenaza inaceptable a la estabilidad global.<\/p>\n\n\n\n<p>Esta coordinaci\u00f3n se produce en un momento de alta tensi\u00f3n, luego de que Ir\u00e1n justificara sus ataques alegando la presencia de bases militares estadounidenses en los pa\u00edses vecinos. Para el E3, estos argumentos no justifican la magnitud de las represalias iran\u00edes, las cuales consideran una violaci\u00f3n al derecho internacional y una amenaza directa a sus ciudadanos destacados en el Golfo.<\/p>\n\n\n\n<p>El mensaje de las potencias europeas concluye con una exigencia firme: Ir\u00e1n debe \u00abparar estos ataques de inmediato\u00bb. Con esta declaraci\u00f3n, Europa abandona su tradicional papel de mediador para alinearse plenamente con la postura de fuerza encabezada por EU e Israel en la denominada Operaci\u00f3n Furia \u00c9pica.<\/p>\n\n\n\n<p>La disposici\u00f3n de Alemania, Francia y el Reino Unido para tomar medidas de fuerza eleva el riesgo de una confrontaci\u00f3n regional de gran escala, dejando a la diplomacia en un segundo plano frente a la inminente posibilidad de bombardeos europeos sobre instalaciones estrat\u00e9gicas iran\u00edes. \u00a9 2025 Imagen &#8211; Exc\u00e9lsior. Todos los derechos reservados. El contenido de este sitio y de la edici\u00f3n impresa est\u00e1 protegido por la Ley Federal del Derecho de Autor. Prohibida la reproducci\u00f3n total o parcial sin autorizaci\u00f3n previa y por escrito. El material de terceros conserva sus propios derechos.<\/p>\n","protected":false},"excerpt":{"rendered":"<p>Los gobiernos de Alemania, Francia y Reino Unido emitieron este domingo 1 de marzo una declaraci\u00f3n conjunta de m\u00e1xima urgencia sobre la situaci\u00f3n en Oriente Medio. En el texto, las tres potencias europeas (conocidas como el bloque E3) advirtieron que est\u00e1n dispuestas a tomar \u2018acciones defensivas\u2019 directas contra Ir\u00e1n, incluyendo la destrucci\u00f3n de sus capacidades [&hellip;]<\/p>\n","protected":false},"author":1,"featured_media":78044,"comment_status":"open","ping_status":"open","sticky":false,"template":"","format":"standard","meta":{"om_disable_all_campaigns":false,"_monsterinsights_skip_tracking":false,"_monsterinsights_sitenote_active":false,"_monsterinsights_sitenote_note":"","_monsterinsights_sitenote_category":0,"footnotes":""},"categories":[183],"tags":[],"class_list":["post-78043","post","type-post","status-publish","format-standard","has-post-thumbnail","hentry","category-internacional"],"amp_enabled":true,"_links":{"self":[{"href":"https:\/\/lahora.mx\/index.php\/wp-json\/wp\/v2\/posts\/78043","targetHints":{"allow":["GET"]}}],"collection":[{"href":"https:\/\/lahora.mx\/index.php\/wp-json\/wp\/v2\/posts"}],"about":[{"href":"https:\/\/lahora.mx\/index.php\/wp-json\/wp\/v2\/types\/post"}],"author":[{"embeddable":true,"href":"https:\/\/lahora.mx\/index.php\/wp-json\/wp\/v2\/users\/1"}],"replies":[{"embeddable":true,"href":"https:\/\/lahora.mx\/index.php\/wp-json\/wp\/v2\/comments?post=78043"}],"version-history":[{"count":1,"href":"https:\/\/lahora.mx\/index.php\/wp-json\/wp\/v2\/posts\/78043\/revisions"}],"predecessor-version":[{"id":78045,"href":"https:\/\/lahora.mx\/index.php\/wp-json\/wp\/v2\/posts\/78043\/revisions\/78045"}],"wp:featuredmedia":[{"embeddable":true,"href":"https:\/\/lahora.mx\/index.php\/wp-json\/wp\/v2\/media\/78044"}],"wp:attachment":[{"href":"https:\/\/lahora.mx\/index.php\/wp-json\/wp\/v2\/media?parent=78043"}],"wp:term":[{"taxonomy":"category","embeddable":true,"href":"https:\/\/lahora.mx\/index.php\/wp-json\/wp\/v2\/categories?post=78043"},{"taxonomy":"post_tag","embeddable":true,"href":"https:\/\/lahora.mx\/index.php\/wp-json\/wp\/v2\/tags?post=78043"}],"curies":[{"name":"wp","href":"https:\/\/api.w.org\/{rel}","templated":true}]}}